{"id":8781,"date":"2026-03-17T20:53:36","date_gmt":"2026-03-17T19:53:36","guid":{"rendered":"https:\/\/lasenia.cat\/web\/?p=8781"},"modified":"2026-03-17T20:53:36","modified_gmt":"2026-03-17T19:53:36","slug":"anunci-de-finalitzacio-de-la-consulta-previa-a-lelaboracio-de-lavantprojecte-de-lordenanca-municipal-dadministracio-digital","status":"publish","type":"post","link":"https:\/\/lasenia.cat\/web\/2026\/03\/17\/anunci-de-finalitzacio-de-la-consulta-previa-a-lelaboracio-de-lavantprojecte-de-lordenanca-municipal-dadministracio-digital\/","title":{"rendered":"ANUNCI DE FINALITZACI\u00d3 DE LA CONSULTA PR\u00c8VIA A L\u2019ELABORACI\u00d3 DE L\u2019AVANTPROJECTE DE L\u2019ORDENAN\u00c7A MUNICIPAL D\u2019ADMINISTRACI\u00d3 DIGITAL"},"content":{"rendered":"\n<p><strong>Expedient: 4304450006-2026-0000015<\/strong><\/p>\n\n\n\n<p>D\u2019acord amb el que disposa l\u2019article 133 de la Llei 39\/2015, d\u20191 d\u2019octubre, del Procediment Administratiu Com\u00fa de les Administracions P\u00fabliques, mitjan\u00e7ant Decret d\u2019Alcaldia n\u00fam. 3\/2026, de data 8\/01\/2026, es va sotmetre a consulta pr\u00e8via la iniciativa normativa relativa a l\u2019elaboraci\u00f3 de l\u2019Ordenan\u00e7a Municipal d\u2019Administraci\u00f3 Digital de l\u2019Ajuntament de la S\u00e9nia, amb l\u2019objectiu de recaptar l\u2019opini\u00f3 de la ciutadania, de les organitzacions i dels col\u00b7lectius potencialment afectats.<\/p>\n\n\n\n<p>El per\u00edode de consulta es va iniciar l\u201911\/02\/2026 i va finalitzar el 10\/03\/2026, durant el qual es van poder presentar aportacions tant presencialment com per via electr\u00f2nica a trav\u00e9s de la seu electr\u00f2nica municipal (e\u2011tauler).<\/p>\n\n\n\n<p>Finalitzat el termini establert, no s\u2019han presentat aportacions, pel que es d\u00f3na per concl\u00f2s el tr\u00e0mit de consulta p\u00fablica pr\u00e8via, i es procedeix a continuar amb l\u2019elaboraci\u00f3 de l\u2019avantprojecte de l\u2019ordenan\u00e7a, d\u2019acord amb els antecedents, objectius i justificaci\u00f3 que consten a la mem\u00f2ria elaborada per la unitat promotora.<\/p>\n","protected":false},"excerpt":{"rendered":"<p>Expedient: 4304450006-2026-0000015 D\u2019acord amb el que disposa l\u2019article 133 de la Llei 39\/2015, d\u20191 d\u2019octubre, del Procediment Administratiu Com\u00fa de<\/p>\n","protected":false},"author":6,"featured_media":4140,"comment_status":"closed","ping_status":"closed","sticky":false,"template":"","format":"standard","meta":{"colormag_page_container_layout":"default_layout","colormag_page_sidebar_layout":"default_layout","footnotes":""},"categories":[1],"tags":[],"class_list":["post-8781","post","type-post","status-publish","format-standard","has-post-thumbnail","hentry","category-general"],"_links":{"self":[{"href":"https:\/\/lasenia.cat\/web\/wp-json\/wp\/v2\/posts\/8781","targetHints":{"allow":["GET"]}}],"collection":[{"href":"https:\/\/lasenia.cat\/web\/wp-json\/wp\/v2\/posts"}],"about":[{"href":"https:\/\/lasenia.cat\/web\/wp-json\/wp\/v2\/types\/post"}],"author":[{"embeddable":true,"href":"https:\/\/lasenia.cat\/web\/wp-json\/wp\/v2\/users\/6"}],"replies":[{"embeddable":true,"href":"https:\/\/lasenia.cat\/web\/wp-json\/wp\/v2\/comments?post=8781"}],"version-history":[{"count":1,"href":"https:\/\/lasenia.cat\/web\/wp-json\/wp\/v2\/posts\/8781\/revisions"}],"predecessor-version":[{"id":8782,"href":"https:\/\/lasenia.cat\/web\/wp-json\/wp\/v2\/posts\/8781\/revisions\/8782"}],"wp:featuredmedia":[{"embeddable":true,"href":"https:\/\/lasenia.cat\/web\/wp-json\/wp\/v2\/media\/4140"}],"wp:attachment":[{"href":"https:\/\/lasenia.cat\/web\/wp-json\/wp\/v2\/media?parent=8781"}],"wp:term":[{"taxonomy":"category","embeddable":true,"href":"https:\/\/lasenia.cat\/web\/wp-json\/wp\/v2\/categories?post=8781"},{"taxonomy":"post_tag","embeddable":true,"href":"https:\/\/lasenia.cat\/web\/wp-json\/wp\/v2\/tags?post=8781"}],"curies":[{"name":"wp","href":"https:\/\/api.w.org\/{rel}","templated":true}]}}