{"id":8761,"date":"2026-03-12T20:33:28","date_gmt":"2026-03-12T19:33:28","guid":{"rendered":"https:\/\/lasenia.cat\/web\/?p=8761"},"modified":"2026-03-12T20:33:28","modified_gmt":"2026-03-12T19:33:28","slug":"anunci-daprovacio-inicial-de-lordenanca-municipal-reguladora-de-la-concessio-de-subvencions-per-rehabilitacio-dhabitatges-per-a-lany-2026","status":"publish","type":"post","link":"https:\/\/lasenia.cat\/web\/2026\/03\/12\/anunci-daprovacio-inicial-de-lordenanca-municipal-reguladora-de-la-concessio-de-subvencions-per-rehabilitacio-dhabitatges-per-a-lany-2026\/","title":{"rendered":"Anunci d&#8217;aprovaci\u00f3 inicial de\u00a0l&#8217;Ordenan\u00e7a municipal reguladora de la concessi\u00f3 de subvencions per rehabilitaci\u00f3 d\u2019habitatges per a l\u2019any 2026."},"content":{"rendered":"\n<p>En data&nbsp;23 de febrer&nbsp;de 2026 el Ple de l\u2019Ajuntament de la S\u00e9nia va aprovar inicialment l&#8217;Ordenan\u00e7a municipal reguladora de la concessi\u00f3 de subvencions per rehabilitaci\u00f3 d\u2019habitatges per a l\u2019any 2026.<\/p>\n\n\n\n<p>L\u2019anunci d\u2019aprovaci\u00f3 inicial, que cont\u00e9 el text de l\u2019acord i les bases espec\u00edfiques reguladores de l\u2019ordenan\u00e7a, &nbsp;s\u2019ha publicat al Butllet\u00ed Oficial de la Prov\u00edncia de Tarragona de data&nbsp;12 de mar\u00e7 de 2026.<\/p>\n\n\n\n<p>L\u2019expedient es sotmet a&nbsp;<strong>informaci\u00f3 p\u00fablica<\/strong>, pel termini de trenta dies,&nbsp;<strong>fins el 28 d\u2019abril de 2026<\/strong>,perqu\u00e8 totes les persones interessades puguin examinar l\u2019expedient i formular les reclamacions i els suggeriments que estimin pertinents.<\/p>\n\n\n\n<p>En cas que no es presentin reclamacions i al\u00b7legacions, aquest acord d\u2019aprovaci\u00f3 inicial esdevindr\u00e0 d\u2019aprovaci\u00f3 definitiva.<\/p>\n","protected":false},"excerpt":{"rendered":"<p>En data&nbsp;23 de febrer&nbsp;de 2026 el Ple de l\u2019Ajuntament de la S\u00e9nia va aprovar inicialment l&#8217;Ordenan\u00e7a municipal reguladora de la<\/p>\n","protected":false},"author":6,"featured_media":4140,"comment_status":"closed","ping_status":"closed","sticky":false,"template":"","format":"standard","meta":{"colormag_page_container_layout":"default_layout","colormag_page_sidebar_layout":"default_layout","footnotes":""},"categories":[1],"tags":[],"class_list":["post-8761","post","type-post","status-publish","format-standard","has-post-thumbnail","hentry","category-general"],"_links":{"self":[{"href":"https:\/\/lasenia.cat\/web\/wp-json\/wp\/v2\/posts\/8761","targetHints":{"allow":["GET"]}}],"collection":[{"href":"https:\/\/lasenia.cat\/web\/wp-json\/wp\/v2\/posts"}],"about":[{"href":"https:\/\/lasenia.cat\/web\/wp-json\/wp\/v2\/types\/post"}],"author":[{"embeddable":true,"href":"https:\/\/lasenia.cat\/web\/wp-json\/wp\/v2\/users\/6"}],"replies":[{"embeddable":true,"href":"https:\/\/lasenia.cat\/web\/wp-json\/wp\/v2\/comments?post=8761"}],"version-history":[{"count":1,"href":"https:\/\/lasenia.cat\/web\/wp-json\/wp\/v2\/posts\/8761\/revisions"}],"predecessor-version":[{"id":8762,"href":"https:\/\/lasenia.cat\/web\/wp-json\/wp\/v2\/posts\/8761\/revisions\/8762"}],"wp:featuredmedia":[{"embeddable":true,"href":"https:\/\/lasenia.cat\/web\/wp-json\/wp\/v2\/media\/4140"}],"wp:attachment":[{"href":"https:\/\/lasenia.cat\/web\/wp-json\/wp\/v2\/media?parent=8761"}],"wp:term":[{"taxonomy":"category","embeddable":true,"href":"https:\/\/lasenia.cat\/web\/wp-json\/wp\/v2\/categories?post=8761"},{"taxonomy":"post_tag","embeddable":true,"href":"https:\/\/lasenia.cat\/web\/wp-json\/wp\/v2\/tags?post=8761"}],"curies":[{"name":"wp","href":"https:\/\/api.w.org\/{rel}","templated":true}]}}