{"id":8759,"date":"2026-03-12T20:14:09","date_gmt":"2026-03-12T19:14:09","guid":{"rendered":"https:\/\/lasenia.cat\/web\/?p=8759"},"modified":"2026-03-12T20:14:09","modified_gmt":"2026-03-12T19:14:09","slug":"anunci-de-consulta-previa-a-lelaboracio-de-lavantprojecte-de-lordenanca-general-de-subvencions","status":"publish","type":"post","link":"https:\/\/lasenia.cat\/web\/2026\/03\/12\/anunci-de-consulta-previa-a-lelaboracio-de-lavantprojecte-de-lordenanca-general-de-subvencions\/","title":{"rendered":"Anunci de consulta pr\u00e8via a l&#8217;elaboraci\u00f3 de l&#8217;avantprojecte de l&#8217;Ordenan\u00e7a General de Subvencions\u00a0"},"content":{"rendered":"\n<p>Amb l&#8217;objectiu de garantir la participaci\u00f3 dels ciutadans en el procediment d&#8217;elaboraci\u00f3 de normes amb rang reglamentari, i en compliment del que es disposa en l&#8217;article 133 de la Llei 39\/2015, d&#8217;1 d&#8217;octubre, del Procediment administratiu com\u00fa de les administracions p\u00fabliques, se sotmet a consulta p\u00fablica la proposta d&#8217;aprovaci\u00f3 de l&#8217;Ordenan\u00e7a General de Subvencions de l&#8217;Ajuntament de la S\u00e9nia.\u00a0<\/p>\n\n\n\n<p>Mitjan\u00e7ant Decret de l\u2019Alcaldia n\u00fam. 2026-0000211 de data 06 de mar\u00e7 de 2026 s&#8217;ha resolt sotmetre a consulta pr\u00e8via l&#8217;aprovaci\u00f3 de l&#8217;esmentada Ordenan\u00e7a, a trav\u00e9s del portal web de l\u2019Ajuntament (e-tauler), perqu\u00e8 els subjectes i les organitzacions m\u00e9s representatives potencialment afectades per la futura norma puguin manifestar la seva opini\u00f3 durant el termini de 20 dies h\u00e0bils a comptar des de la seva publicaci\u00f3 a la seu electr\u00f2nica municipal.&nbsp;<\/p>\n\n\n\n<p>Data inici consulta: 11 de mar\u00e7 de 2026&nbsp;<\/p>\n\n\n\n<p>Data finalitzaci\u00f3 consulta: 13 de d&#8217;abril de 2026&nbsp;<\/p>\n\n\n\n<p>La consulta de l&#8217;expedient i les aportacions de la ciutadania es podran adre\u00e7ar al correu abonfill@lasenia.cat&nbsp;<\/p>\n\n\n\n<p>la S\u00e9nia, a data de la signatura electr\u00f2nica&nbsp;<\/p>\n\n\n\n<p>L&#8217;alcaldessa,&nbsp;<\/p>\n\n\n\n<p>Maria Victoria Almuni Balada&nbsp;<\/p>\n","protected":false},"excerpt":{"rendered":"<p>Amb l&#8217;objectiu de garantir la participaci\u00f3 dels ciutadans en el procediment d&#8217;elaboraci\u00f3 de normes amb rang reglamentari, i en compliment<\/p>\n","protected":false},"author":6,"featured_media":4140,"comment_status":"closed","ping_status":"closed","sticky":false,"template":"","format":"standard","meta":{"colormag_page_container_layout":"default_layout","colormag_page_sidebar_layout":"default_layout","footnotes":""},"categories":[1],"tags":[],"class_list":["post-8759","post","type-post","status-publish","format-standard","has-post-thumbnail","hentry","category-general"],"_links":{"self":[{"href":"https:\/\/lasenia.cat\/web\/wp-json\/wp\/v2\/posts\/8759","targetHints":{"allow":["GET"]}}],"collection":[{"href":"https:\/\/lasenia.cat\/web\/wp-json\/wp\/v2\/posts"}],"about":[{"href":"https:\/\/lasenia.cat\/web\/wp-json\/wp\/v2\/types\/post"}],"author":[{"embeddable":true,"href":"https:\/\/lasenia.cat\/web\/wp-json\/wp\/v2\/users\/6"}],"replies":[{"embeddable":true,"href":"https:\/\/lasenia.cat\/web\/wp-json\/wp\/v2\/comments?post=8759"}],"version-history":[{"count":1,"href":"https:\/\/lasenia.cat\/web\/wp-json\/wp\/v2\/posts\/8759\/revisions"}],"predecessor-version":[{"id":8760,"href":"https:\/\/lasenia.cat\/web\/wp-json\/wp\/v2\/posts\/8759\/revisions\/8760"}],"wp:featuredmedia":[{"embeddable":true,"href":"https:\/\/lasenia.cat\/web\/wp-json\/wp\/v2\/media\/4140"}],"wp:attachment":[{"href":"https:\/\/lasenia.cat\/web\/wp-json\/wp\/v2\/media?parent=8759"}],"wp:term":[{"taxonomy":"category","embeddable":true,"href":"https:\/\/lasenia.cat\/web\/wp-json\/wp\/v2\/categories?post=8759"},{"taxonomy":"post_tag","embeddable":true,"href":"https:\/\/lasenia.cat\/web\/wp-json\/wp\/v2\/tags?post=8759"}],"curies":[{"name":"wp","href":"https:\/\/api.w.org\/{rel}","templated":true}]}}