{"id":8493,"date":"2026-02-17T15:21:07","date_gmt":"2026-02-17T14:21:07","guid":{"rendered":"https:\/\/lasenia.cat\/web\/?p=8493"},"modified":"2026-02-17T15:21:07","modified_gmt":"2026-02-17T14:21:07","slug":"anunci-dexposicio-publica-de-lexpedient-de-concessio-directa-gratuita-dus-privatiu-del-be-immoble-de-domini-public-situat-a-lavinguda-generalitat-num-3-1r-pis-al-sistema-d","status":"publish","type":"post","link":"https:\/\/lasenia.cat\/web\/2026\/02\/17\/anunci-dexposicio-publica-de-lexpedient-de-concessio-directa-gratuita-dus-privatiu-del-be-immoble-de-domini-public-situat-a-lavinguda-generalitat-num-3-1r-pis-al-sistema-d\/","title":{"rendered":"ANUNCI D\u2019EXPOSICI\u00d3 P\u00daBLICA DE L\u2019EXPEDIENT DE CONCESSI\u00d3 DIRECTA GRATU\u00cfTA D&#8217;\u00daS PRIVATIU DEL BE IMMOBLE DE DOMINI P\u00daBLIC, SITUAT A L&#8217;AVINGUDA GENERALITAT N\u00daM. 3, 1R PIS, AL SISTEMA D\u2019EMERG\u00c8NCIES M\u00c8DIQUES (SEM).\u00a0"},"content":{"rendered":"\n<p>Per acord del Ple d\u2019aquest Ajuntament, de data 16\/02\/2026 es va aprovar l&#8217;expedient administratiu concessi\u00f3 directa gratu\u00efta d&#8217;\u00fas privatiu del be immoble de domini p\u00fablic, situat a l&#8217;avinguda Generalitat n\u00fam. 3, 1r pis, al Sistema d\u2019Emerg\u00e8ncies M\u00e8diques (SEM) i sotmetre a informaci\u00f3 p\u00fablica durant un termini de 10 dies h\u00e0bils el projecte i el plec de cl\u00e0usules administratives que han de regir la concessi\u00f3, els quals tamb\u00e9 es troba a disposici\u00f3 dels interessats al tauler d\u2019anuncis de la seu electr\u00f2nica d\u2019aquest Ajuntament i a la web.\u00a0<\/p>\n\n\n\n<p>Dins d&#8217;aquest termini d&#8217;exposici\u00f3 p\u00fablica es podran formular reclamacions i al\u00b7legacions de conformitat amb l&#8217;art. 66.1, en relaci\u00f3 amb l\u2019article 178, del Decret 336\/1988, de 17 d&#8217;octubre, pel qual s&#8217;aprova el Reglament de Patrimoni dels ens Locals.\u00a0<br><br><a href=\"https:\/\/lasenia.cat\/web\/wp-content\/uploads\/2026\/02\/Informe_6_4304450006_2026_0000079_.pdf\">Informe_6_4304450006_2026_0000079<\/a><\/p>\n\n\n\n<p><a href=\"https:\/\/lasenia.cat\/web\/wp-content\/uploads\/2026\/02\/Informe_10_4304450006_2026_0000079_.pdf\">Informe_10_4304450006_2026_0000079<\/a><\/p>\n\n\n\n<p>L\u2019alcaldessa,\u00a0<br><br>\u00a0M. Victoria Almuni Balada.\u00a0<\/p>\n","protected":false},"excerpt":{"rendered":"<p>Per acord del Ple d\u2019aquest Ajuntament, de data 16\/02\/2026 es va aprovar l&#8217;expedient administratiu concessi\u00f3 directa gratu\u00efta d&#8217;\u00fas privatiu del<\/p>\n","protected":false},"author":6,"featured_media":4140,"comment_status":"closed","ping_status":"closed","sticky":false,"template":"","format":"standard","meta":{"colormag_page_container_layout":"default_layout","colormag_page_sidebar_layout":"default_layout","footnotes":""},"categories":[1],"tags":[],"class_list":["post-8493","post","type-post","status-publish","format-standard","has-post-thumbnail","hentry","category-general"],"_links":{"self":[{"href":"https:\/\/lasenia.cat\/web\/wp-json\/wp\/v2\/posts\/8493","targetHints":{"allow":["GET"]}}],"collection":[{"href":"https:\/\/lasenia.cat\/web\/wp-json\/wp\/v2\/posts"}],"about":[{"href":"https:\/\/lasenia.cat\/web\/wp-json\/wp\/v2\/types\/post"}],"author":[{"embeddable":true,"href":"https:\/\/lasenia.cat\/web\/wp-json\/wp\/v2\/users\/6"}],"replies":[{"embeddable":true,"href":"https:\/\/lasenia.cat\/web\/wp-json\/wp\/v2\/comments?post=8493"}],"version-history":[{"count":1,"href":"https:\/\/lasenia.cat\/web\/wp-json\/wp\/v2\/posts\/8493\/revisions"}],"predecessor-version":[{"id":8496,"href":"https:\/\/lasenia.cat\/web\/wp-json\/wp\/v2\/posts\/8493\/revisions\/8496"}],"wp:featuredmedia":[{"embeddable":true,"href":"https:\/\/lasenia.cat\/web\/wp-json\/wp\/v2\/media\/4140"}],"wp:attachment":[{"href":"https:\/\/lasenia.cat\/web\/wp-json\/wp\/v2\/media?parent=8493"}],"wp:term":[{"taxonomy":"category","embeddable":true,"href":"https:\/\/lasenia.cat\/web\/wp-json\/wp\/v2\/categories?post=8493"},{"taxonomy":"post_tag","embeddable":true,"href":"https:\/\/lasenia.cat\/web\/wp-json\/wp\/v2\/tags?post=8493"}],"curies":[{"name":"wp","href":"https:\/\/api.w.org\/{rel}","templated":true}]}}