{"id":8451,"date":"2026-02-13T08:07:00","date_gmt":"2026-02-13T07:07:00","guid":{"rendered":"https:\/\/lasenia.cat\/web\/?p=8451"},"modified":"2026-02-13T08:07:01","modified_gmt":"2026-02-13T07:07:01","slug":"anunci-daprovacio-inicial-del-projecte-executiu-de-renovacio-urbanistica-integral-amb-criteris-de-mobilitat-sostenible-de-la-sortida-nord-tram-santander-t-1040-de-la-senia-montsia-tarragon","status":"publish","type":"post","link":"https:\/\/lasenia.cat\/web\/2026\/02\/13\/anunci-daprovacio-inicial-del-projecte-executiu-de-renovacio-urbanistica-integral-amb-criteris-de-mobilitat-sostenible-de-la-sortida-nord-tram-santander-t-1040-de-la-senia-montsia-tarragon\/","title":{"rendered":"Anunci d\u2019aprovaci\u00f3 inicial del Projecte executiu de renovaci\u00f3 urban\u00edstica integral amb criteris de mobilitat sostenible de la Sortida Nord (Tram Santander-T-1040) de la S\u00e9nia (Montsi\u00e0-Tarragona)"},"content":{"rendered":"\n<p>Per Acord de Ple , de data 6 de febrer de 2026, es va aprovar inicialment el \u201c<a href=\"https:\/\/lasenia.cat\/web\/wp-content\/uploads\/2026\/02\/P6OJS1G_.pdf\" data-type=\"link\" data-id=\"https:\/\/lasenia.cat\/web\/wp-content\/uploads\/2026\/02\/P6OJS1G_.pdf\">Projecte executiu de renovaci\u00f3 urban\u00edstica integral amb criteris de mobilitat sostenible de la Sortida Nord (Tram Santander-T-1040) de la S\u00e9nia (Montsi\u00e0-Tarragona)\u201d<\/a> redactat pel t\u00e8cnic municipal Javier Roig Prades (Enginyer de Camins Canals i Ports), amb un pressupost per contractar de 334.358,18 \u20ac m\u00e9s 21% d\u2019 IVA (70.215,22 \u20ac), \u00e9s a dir, un total de 404.573,40 \u20ac (IVA incl\u00f2s).<\/p>\n\n\n\n<p>Mitjan\u00e7ant aquest anunci, se sotmet l\u2019esmentat Projecte a informaci\u00f3 p\u00fablica per un termini de trenta dies, a comptar des de la publicaci\u00f3 en el BOP de Tarragona, perqu\u00e8 les persones interessades examinin el Projecte i presentin, si s\u2019escau, les al\u00b7legacions que considerin pertinents.<\/p>\n\n\n\n<p>Durant dit termini podr\u00e0 ser examinat per qualsevol persona interessada en les depend\u00e8ncies municipals perqu\u00e8 es formulin les al\u00b7legacions que s&#8217;estimin pertinents.<\/p>\n\n\n\n<p>Aix\u00ed mateix, estar\u00e0 a la disposici\u00f3 dels interessats a la p\u00e0gina web de l\u2019 Ajuntament www.lasenia.cat, i en el tauler d\u2019anuncis electr\u00f2nic a la seu electr\u00f2nica d&#8217;aquest Ajuntament [https:\/\/seu-e.cat\/ca\/web\/lasenia].<\/p>\n\n\n\n<p>La S\u00e9nia,<\/p>\n\n\n\n<p>L\u2019alcaldessa, Maria Victoria Almuni Balada<\/p>\n\n\n\n<p><\/p>\n","protected":false},"excerpt":{"rendered":"<p>Per Acord de Ple , de data 6 de febrer de 2026, es va aprovar inicialment el \u201cProjecte executiu de<\/p>\n","protected":false},"author":6,"featured_media":4140,"comment_status":"closed","ping_status":"closed","sticky":false,"template":"","format":"standard","meta":{"colormag_page_container_layout":"default_layout","colormag_page_sidebar_layout":"default_layout","footnotes":""},"categories":[2],"tags":[],"class_list":["post-8451","post","type-post","status-publish","format-standard","has-post-thumbnail","hentry","category-ajuntament"],"_links":{"self":[{"href":"https:\/\/lasenia.cat\/web\/wp-json\/wp\/v2\/posts\/8451","targetHints":{"allow":["GET"]}}],"collection":[{"href":"https:\/\/lasenia.cat\/web\/wp-json\/wp\/v2\/posts"}],"about":[{"href":"https:\/\/lasenia.cat\/web\/wp-json\/wp\/v2\/types\/post"}],"author":[{"embeddable":true,"href":"https:\/\/lasenia.cat\/web\/wp-json\/wp\/v2\/users\/6"}],"replies":[{"embeddable":true,"href":"https:\/\/lasenia.cat\/web\/wp-json\/wp\/v2\/comments?post=8451"}],"version-history":[{"count":1,"href":"https:\/\/lasenia.cat\/web\/wp-json\/wp\/v2\/posts\/8451\/revisions"}],"predecessor-version":[{"id":8453,"href":"https:\/\/lasenia.cat\/web\/wp-json\/wp\/v2\/posts\/8451\/revisions\/8453"}],"wp:featuredmedia":[{"embeddable":true,"href":"https:\/\/lasenia.cat\/web\/wp-json\/wp\/v2\/media\/4140"}],"wp:attachment":[{"href":"https:\/\/lasenia.cat\/web\/wp-json\/wp\/v2\/media?parent=8451"}],"wp:term":[{"taxonomy":"category","embeddable":true,"href":"https:\/\/lasenia.cat\/web\/wp-json\/wp\/v2\/categories?post=8451"},{"taxonomy":"post_tag","embeddable":true,"href":"https:\/\/lasenia.cat\/web\/wp-json\/wp\/v2\/tags?post=8451"}],"curies":[{"name":"wp","href":"https:\/\/api.w.org\/{rel}","templated":true}]}}