{"id":8402,"date":"2026-02-02T19:16:17","date_gmt":"2026-02-02T18:16:17","guid":{"rendered":"https:\/\/lasenia.cat\/web\/?p=8402"},"modified":"2026-02-02T19:16:27","modified_gmt":"2026-02-02T18:16:27","slug":"ja-tenim-aqui-el-nou-llibret-dextraescolars-gener-2026","status":"publish","type":"post","link":"https:\/\/lasenia.cat\/web\/2026\/02\/02\/ja-tenim-aqui-el-nou-llibret-dextraescolars-gener-2026\/","title":{"rendered":"JA TENIM AQU\u00cd EL NOU LLIBRET D\u2019EXTRAESCOLARS GENER 2026."},"content":{"rendered":"\n<p>Vols saber tot el que els <strong>xiquets, xiquetes<\/strong> i joves poden fer a la S\u00e9nia aquest semestre? \ud83e\uddd0 Ja est\u00e0 disponible l&#8217;actualitzaci\u00f3 del <a href=\"https:\/\/lasenia.cat\/web\/wp-content\/uploads\/2026\/02\/Llibret-dactivitats-extraescolars-i-recursos-per-a-joves-GENER-2026_compressed.pdf\" data-type=\"link\" data-id=\"https:\/\/lasenia.cat\/web\/wp-content\/uploads\/2026\/02\/Llibret-dactivitats-extraescolars-i-recursos-per-a-joves-GENER-2026_compressed.pdf\">llibret d&#8217;activitats extraescolars<\/a> i recursos per a joves.<\/p>\n\n\n\n<p>En aquesta guia trobareu tota la informaci\u00f3 sobre: \ud83d\udc49 <strong>Art i m\u00fasica<\/strong> \ud83c\udfa8\ud83c\udfb6 \ud83d\udc49 <strong>Esports i natura<\/strong> \u26bd\ud83c\udf32 \ud83d\udc49 <strong>Dansa i expressi\u00f3 corporal<\/strong> \ud83d\udc83 \ud83d\udc49 <strong>Idiomes i refor\u00e7 escolar<\/strong> \ud83d\udcda\ud83c\uddec\ud83c\udde7 \ud83d\udc49 <strong>Benestar i moviment conscient<\/strong> \ud83e\uddd8 \ud83d\udc49 <strong>Recursos i espais per a joves<\/strong> (S\u00e9nia Jove i m\u00e9s)<\/p>\n\n\n\n<p>L&#8217;objectiu \u00e9s facilitar la comunicaci\u00f3 entre entitats, escoles i fam\u00edlies per no perdre&#8217;s cap oportunitat al poble.<\/p>\n\n\n\n<p>\ud83d\udccd <strong>On trobar-lo?<\/strong> Pots consultar-lo aqu\u00ed o contactar amb el Pla Educatiu d\u2019Entorn per a m\u00e9s detalls. \ud83d\udce9 M\u00e9s info: neus.pee@lasenia.cat | \ud83d\udcf2 WhatsApp: 685 59 70 03.<\/p>\n\n\n\n<p>#LaS\u00e9nia #Extraescolars #Joventut #FemPoble #Educaci\u00f3<\/p>\n","protected":false},"excerpt":{"rendered":"<p>Vols saber tot el que els xiquets, xiquetes i joves poden fer a la S\u00e9nia aquest semestre? \ud83e\uddd0 Ja est\u00e0<\/p>\n","protected":false},"author":6,"featured_media":8406,"comment_status":"closed","ping_status":"closed","sticky":false,"template":"","format":"standard","meta":{"colormag_page_container_layout":"default_layout","colormag_page_sidebar_layout":"default_layout","footnotes":""},"categories":[119,27,1],"tags":[],"class_list":["post-8402","post","type-post","status-publish","format-standard","has-post-thumbnail","hentry","category-actualitat","category-ensenyament","category-general"],"_links":{"self":[{"href":"https:\/\/lasenia.cat\/web\/wp-json\/wp\/v2\/posts\/8402","targetHints":{"allow":["GET"]}}],"collection":[{"href":"https:\/\/lasenia.cat\/web\/wp-json\/wp\/v2\/posts"}],"about":[{"href":"https:\/\/lasenia.cat\/web\/wp-json\/wp\/v2\/types\/post"}],"author":[{"embeddable":true,"href":"https:\/\/lasenia.cat\/web\/wp-json\/wp\/v2\/users\/6"}],"replies":[{"embeddable":true,"href":"https:\/\/lasenia.cat\/web\/wp-json\/wp\/v2\/comments?post=8402"}],"version-history":[{"count":2,"href":"https:\/\/lasenia.cat\/web\/wp-json\/wp\/v2\/posts\/8402\/revisions"}],"predecessor-version":[{"id":8408,"href":"https:\/\/lasenia.cat\/web\/wp-json\/wp\/v2\/posts\/8402\/revisions\/8408"}],"wp:featuredmedia":[{"embeddable":true,"href":"https:\/\/lasenia.cat\/web\/wp-json\/wp\/v2\/media\/8406"}],"wp:attachment":[{"href":"https:\/\/lasenia.cat\/web\/wp-json\/wp\/v2\/media?parent=8402"}],"wp:term":[{"taxonomy":"category","embeddable":true,"href":"https:\/\/lasenia.cat\/web\/wp-json\/wp\/v2\/categories?post=8402"},{"taxonomy":"post_tag","embeddable":true,"href":"https:\/\/lasenia.cat\/web\/wp-json\/wp\/v2\/tags?post=8402"}],"curies":[{"name":"wp","href":"https:\/\/api.w.org\/{rel}","templated":true}]}}