{"id":8144,"date":"2025-12-11T14:23:48","date_gmt":"2025-12-11T13:23:48","guid":{"rendered":"https:\/\/lasenia.cat\/web\/?p=8144"},"modified":"2025-12-11T14:23:49","modified_gmt":"2025-12-11T13:23:49","slug":"bases-iv-certamen-literari-vila-de-la-senia-2026","status":"publish","type":"post","link":"https:\/\/lasenia.cat\/web\/2025\/12\/11\/bases-iv-certamen-literari-vila-de-la-senia-2026\/","title":{"rendered":"BASES IV CERTAMEN LITERARI VILA DE LA S\u00c9NIA 2026"},"content":{"rendered":"\n<p><strong>1.<\/strong> El Certamen literari Vila de la S\u00e9nia organitzat per l\u2019Ajuntament de la S\u00e9nia, amb la finalitat de promoure i estimular la creaci\u00f3 d\u2019obres de qualitat liter\u00e0ria, tindr\u00e0 les seg\u00fcents modalitats:<br>\u00a0\u00a0\u00a0<strong>a.<\/strong> Premi Vila de la S\u00e9nia de Narrativa, amb una dotaci\u00f3 de 1.000\u20ac.<br>\u00a0\u00a0\u00a0<strong>b.<\/strong> Premi Vila de la S\u00e9nia de Poesia, amb una dotaci\u00f3 de 1.000\u20ac.<br><br>En les anteriors modalitats, a m\u00e9s a m\u00e9s de la dotaci\u00f3 econ\u00f2mica, les obres premiades, seran publicades per Onada edicions, en un m\u00e0xim de temps d\u2019un any, a partir de la data del lliurament.<br><br>\u00a0\u00a0\u00a0<strong>c.<\/strong> Premi Vila de la S\u00e9nia de relat curt per a autors\/es locals, amb una dotaci\u00f3 econ\u00f2mica de 200\u20ac.<br><\/p>\n\n\n\n<p>La distribuci\u00f3 comercial de les modalitats de Narrativa i de Poesia la realitzar\u00e0 la pr\u00f2pia editorial Onada Edicions. La dotaci\u00f3 econ\u00f2mica inclou els drets d\u2019autor de la primera edici\u00f3.<br>Pel que fa al premi de relat curt per a autors locals es far\u00e0 una impressi\u00f3 curta d\u2019exemplars cada quatre anys, per lliurar-ne 10 exemplars a cada autor i fer-ne una distribuci\u00f3 a nivell local o comarcal.<br><\/p>\n\n\n\n<p><strong>2.<\/strong> Poden participar en els premis de Narrativa i Poesia tots\/e els escriptors i les escriptores de qualsevol nacionalitat, majors de 18 anys.<br>En la modalitat de relat breu es pot presentar qualsevol persona major de 16 anys, en data de publicaci\u00f3 de les bases, empadronada en la poblaci\u00f3.<br><\/p>\n\n\n\n<p><strong>3.<\/strong> Les obres que hi concursin hauran de ser originals, in\u00e8dites, de tem\u00e0tica lliure i en llengua catalana.<br><\/p>\n\n\n\n<p><strong>4.<\/strong> Les obres presentades no poden haver estat guardonades amb anterioritat.<br><\/p>\n\n\n\n<p><strong>5.<\/strong> En la modalitat de Narrativa poden optar novel\u00b7les curtes, relats o conjunts de relats. L\u2019extensi\u00f3 m\u00ednima ser\u00e0 de 105.000 car\u00e0cters i la m\u00e0xima de 210.000.<br>Per a la modalitat de poesia l\u2019extensi\u00f3 entre 30 i 60 poemes, amb una extensi\u00f3 m\u00ednima de 300 versos.<br>En la modalitat de relat curt per a autors\/es locals, l\u2019extensi\u00f3 m\u00ednima ser\u00e0 de 8.400 car\u00e0cters i la m\u00e0xima de 21.000.<br><\/p>\n\n\n\n<p><strong>6.<\/strong> Els originals s\u2019hauran de presentar per correu electr\u00f2nic a l\u2019adre\u00e7a premisliteraris@lasenia.cat en format PDF seguint el procediment seg\u00fcent:<br>&nbsp;&nbsp;&nbsp;<strong>a.<\/strong> En l\u2019apartat ASSUMPTE es far\u00e0 constar el nom del premi i modalitat a qu\u00e8 s\u2019opta.<br>&nbsp;&nbsp;&nbsp;<strong>b.<\/strong> En el cos del missatge es far\u00e0 constar el t\u00edtol de l\u2019obra.<br>&nbsp;&nbsp;&nbsp;<strong>c.<\/strong> L\u2019original que opti al premi s\u2019adjuntar\u00e0 en format pdf. Aquest document tindr\u00e0 com a t\u00edtol el mateix de l\u2019obra.<br>&nbsp;&nbsp;&nbsp;<strong>d.<\/strong> Nom\u00e9s s\u2019admetr\u00e0 un treball per autor en cada modalitat.<br>&nbsp;&nbsp;&nbsp;<strong>e.<\/strong> En un altre document adjunt, en format pdf, es faran constar les refer\u00e8ncies que permetin identificar l\u2019autor (nom, cognoms, adre\u00e7a, localitat, adre\u00e7a electr\u00f2nica, tel\u00e8fon i NIF). Aquest document s\u2019anomenar\u00e0 PLICANom de l\u2019obra.<br>&nbsp;&nbsp;&nbsp;<strong>f.<\/strong> Una vegada rebuda l\u2019obra es confirmar\u00e0 per correu electr\u00f2nic a l\u2019autor\/a. En el cas de no rebre la confirmaci\u00f3, caldr\u00e0 posar-se en contacte amb l\u2019Ajuntament per saber si s\u2019ha produ\u00eft algun problema.<br><\/p>\n\n\n\n<p><strong>8.<\/strong> El termini d\u2019admissi\u00f3 de les obres s\u2019obrir\u00e0 des de la data de publicaci\u00f3 d\u2019aquestes bases a la web de l\u2019Ajuntament fins al<strong> 23 de gener de 2026 a les 23:59h<\/strong>.<br><\/p>\n\n\n\n<p><strong>9.<\/strong> El jurat, per a cada modalitat, estar\u00e0 format per 3 membres de prestigi vinculats al m\u00f3n de la cultura i actuar\u00e0 amb llibertat i discrecionalitat. Valorar\u00e0 la qualitat liter\u00e0ria de les obres: el seu rigor ling\u00fc\u00edstic, la coher\u00e8ncia del seu contingut, el seu car\u00e0cter innovador i la seva cohesi\u00f3 estructural. Es seguir\u00e0 el procediment de votacions successives fins obtenir una majoria de vots a favor d\u2019una obra.<br><\/p>\n\n\n\n<p><strong>10.<\/strong> L\u2019organitzaci\u00f3 garanteix la privacitat dels originals i de les dades dels participants. En haver estat presentada al premi, cap obra podr\u00e0 ser retirada pel seu autor per fer-hi correccions o ampliar-ne el text.<br><\/p>\n\n\n\n<p><strong>11.<\/strong> Els premis, i la seva dotaci\u00f3, seran indivisibles, i el veredicte del jurat ser\u00e0 inapel\u00b7lable. El jurat, si ho considera adient, podr\u00e0 declarar deserts els premis.<br><\/p>\n\n\n\n<p><strong>12.<\/strong> Els participants eximeixen l\u2019organitzaci\u00f3 de qualsevol responsabilitat derivada del plagi o de qualsevol altra transgressi\u00f3 de la legislaci\u00f3 vigent en qu\u00e8 puguin inc\u00f3rrer les seves obres.<br><\/p>\n\n\n\n<p><strong>13.<\/strong> Els veredictes emesos pel jurat es faran p\u00fablics durant Setmana liter\u00e0ria de Sant Jordi de 2026 en un acte institucional. Les persones guardonades es comprometran a assistir a l\u2019acte de lliurament dels premis.<br><\/p>\n\n\n\n<p><strong>14.<\/strong> S\u2019aplicaran a l\u2019import del premi les retencions que, en concepte d\u2019IRPF o altres tributs, siguin aplicables. L\u2019autor\/a, per poder rebre el premi, haur\u00e0 de certificar que est\u00e0 al corrent de les seves obligacions tribut\u00e0ries. La quantia dels premis s\u2019imputar\u00e0 a l\u2019 aplicaci\u00f3 pressupost\u00e0ria 334.48105 per un import m\u00e0xim de 2.200\u20ac<br><\/p>\n\n\n\n<p><strong>15.<\/strong> L\u2019organitzaci\u00f3 conservar\u00e0 una c\u00f2pia de la llista de participants a cada un dels premis, amb les seves pliques electr\u00f2niques i obres presentades fins tres mesos despr\u00e9s del veredicte en qu\u00e8 seran destru\u00efdes.<\/p>\n\n\n\n<p><br><strong>16.<\/strong> El simple fet de presentar obres en aquests premis suposa la plena acceptaci\u00f3 de les bases. En qualsevol cas el jurat tindr\u00e0 la facultat de interpretar-les o de resoldre les circumst\u00e0ncies imprevistes.<br><\/p>\n\n\n\n<p><strong>Informaci\u00f3:<\/strong><br>\u00a0\u00a0\u00a0Tel\u00e8fon: 977 099 424 \u2013 682 612 171 (Biblioteca Municipal Pere de Montcada)<br>\u00a0\u00a0\u00a0Correu electr\u00f2nic: premisliteraris@lasenia.cat<br>\u00a0\u00a0\u00a0Web de l\u2019Ajuntament: www.lasenia.cat<\/p>\n","protected":false},"excerpt":{"rendered":"<p>1. El Certamen literari Vila de la S\u00e9nia organitzat per l\u2019Ajuntament de la S\u00e9nia, amb la finalitat de promoure i<\/p>\n","protected":false},"author":1,"featured_media":4268,"comment_status":"closed","ping_status":"closed","sticky":false,"template":"","format":"standard","meta":{"colormag_page_container_layout":"default_layout","colormag_page_sidebar_layout":"default_layout","footnotes":""},"categories":[119,1,12],"tags":[],"class_list":["post-8144","post","type-post","status-publish","format-standard","has-post-thumbnail","hentry","category-actualitat","category-general","category-news"],"_links":{"self":[{"href":"https:\/\/lasenia.cat\/web\/wp-json\/wp\/v2\/posts\/8144","targetHints":{"allow":["GET"]}}],"collection":[{"href":"https:\/\/lasenia.cat\/web\/wp-json\/wp\/v2\/posts"}],"about":[{"href":"https:\/\/lasenia.cat\/web\/wp-json\/wp\/v2\/types\/post"}],"author":[{"embeddable":true,"href":"https:\/\/lasenia.cat\/web\/wp-json\/wp\/v2\/users\/1"}],"replies":[{"embeddable":true,"href":"https:\/\/lasenia.cat\/web\/wp-json\/wp\/v2\/comments?post=8144"}],"version-history":[{"count":12,"href":"https:\/\/lasenia.cat\/web\/wp-json\/wp\/v2\/posts\/8144\/revisions"}],"predecessor-version":[{"id":8156,"href":"https:\/\/lasenia.cat\/web\/wp-json\/wp\/v2\/posts\/8144\/revisions\/8156"}],"wp:featuredmedia":[{"embeddable":true,"href":"https:\/\/lasenia.cat\/web\/wp-json\/wp\/v2\/media\/4268"}],"wp:attachment":[{"href":"https:\/\/lasenia.cat\/web\/wp-json\/wp\/v2\/media?parent=8144"}],"wp:term":[{"taxonomy":"category","embeddable":true,"href":"https:\/\/lasenia.cat\/web\/wp-json\/wp\/v2\/categories?post=8144"},{"taxonomy":"post_tag","embeddable":true,"href":"https:\/\/lasenia.cat\/web\/wp-json\/wp\/v2\/tags?post=8144"}],"curies":[{"name":"wp","href":"https:\/\/api.w.org\/{rel}","templated":true}]}}