{"id":8134,"date":"2025-12-10T12:30:59","date_gmt":"2025-12-10T11:30:59","guid":{"rendered":"https:\/\/lasenia.cat\/web\/?p=8134"},"modified":"2025-12-10T12:34:05","modified_gmt":"2025-12-10T11:34:05","slug":"lajuntament-de-la-senia-ha-estat-beneficiari-de-dos-ajuts-per-un-import-total-de-70-67440-e-per-a-la-installacio-de-plaques-solars-fotovoltaiques-en-el-marc-del-programa-dincentius-lligats","status":"publish","type":"post","link":"https:\/\/lasenia.cat\/web\/2025\/12\/10\/lajuntament-de-la-senia-ha-estat-beneficiari-de-dos-ajuts-per-un-import-total-de-70-67440-e-per-a-la-installacio-de-plaques-solars-fotovoltaiques-en-el-marc-del-programa-dincentius-lligats\/","title":{"rendered":"L&#8217;Ajuntament de la S\u00e9nia ha estat beneficiari de dos ajuts per un import total de 70.674,40 \u20ac per a la instal\u00b7laci\u00f3 de plaques solars fotovoltaiques en el marc del programa d\u2019incentius lligats a l\u2019autoconsum i l\u2019emmagatzematge"},"content":{"rendered":"\n<p>L\u2019Ajuntament de la S\u00e9nia&nbsp;ha dut a terme la instal\u00b7laci\u00f3 de plaques solars fotovoltaiques a les cobertes de tres edificis municipals: l\u2019Ajuntament, els serveis t\u00e8cnics i el casal sociocultural. Aquest projecte s\u2019emmarca dins el Pla de Recuperaci\u00f3, Transformaci\u00f3 i Resili\u00e8ncia, finan\u00e7at per la Uni\u00f3 Europea a trav\u00e9s dels fons NextGenerationEU.<\/p>\n\n\n\n<p>Les noves instal\u00b7lacions permetran generar energia solar de manera aut\u00f2noma per a l\u2019autoconsum. Estaran connectades a la xarxa el\u00e8ctrica, cosa que permetr\u00e0 compartir l\u2019energia generada amb altres equipaments municipals i compensar l\u2019energia excedent injectada a la xarxa.<\/p>\n\n\n\n<p>Detall de les actuacions:<\/p>\n\n\n\n<p>Casal sociocultural<\/p>\n\n\n\n<ul class=\"wp-block-list\">\n<li>Pressupost del projecte: 91.737,27 \u20ac<\/li>\n\n\n\n<li>Inversi\u00f3 adjudicada: 42.137,65 \u20ac<\/li>\n\n\n\n<li>Import de l\u2019ajut rebut: 35.337,20 \u20ac<\/li>\n\n\n\n<li>Pot\u00e8ncia instal\u00b7lada: 42,32 kWp<\/li>\n<\/ul>\n\n\n\n<p>Ajuntament i serveis t\u00e8cnics municipals:<\/p>\n\n\n\n<ul class=\"wp-block-list\">\n<li>Pressupost del projecte: 104.458,21 \u20ac<\/li>\n\n\n\n<li>Inversi\u00f3 adjudicada: 47.983,90 \u20ac<\/li>\n\n\n\n<li>Import de l\u2019ajut rebut: 35.337,20 \u20ac<\/li>\n\n\n\n<li>Pot\u00e8ncia instal\u00b7lada: 42,32 kWp<\/li>\n<\/ul>\n\n\n\n<p>Amb aquesta actuaci\u00f3, el municipi de la S\u00e9nia fa un pas endavant cap a la transici\u00f3 energ\u00e8tica i la sostenibilitat, promovent l\u2019\u00fas d\u2019energies renovables i reduint la depend\u00e8ncia dels combustibles f\u00f2ssils.<\/p>\n\n\n\n<p>Aquest Programa d&#8217;ajuts per a actuacions d&#8217;autoconsum i emmagatzematge, amb fonts d&#8217;energia renovable, i a la implantaci\u00f3 de sistemes t\u00e8rmics renovables en el sector residencial ha estat finan\u00e7at amb fons procedents del Mecanisme de Recuperaci\u00f3 i&nbsp;Resili\u00e8ncia establert pel Reglament (UE) 2021\/241, mitjan\u00e7ant l&#8217;ICAEN.<\/p>\n\n\n\n<div class=\"wp-block-columns is-layout-flex wp-container-core-columns-is-layout-28f84493 wp-block-columns-is-layout-flex\">\n<div class=\"wp-block-column is-layout-flow wp-block-column-is-layout-flow\">\n<figure class=\"wp-block-image size-full\"><img loading=\"lazy\" decoding=\"async\" width=\"1024\" height=\"507\" src=\"https:\/\/lasenia.cat\/web\/wp-content\/uploads\/2025\/12\/plaques-solars.jpg\" alt=\"\" class=\"wp-image-8137\" srcset=\"https:\/\/lasenia.cat\/web\/wp-content\/uploads\/2025\/12\/plaques-solars.jpg 1024w, https:\/\/lasenia.cat\/web\/wp-content\/uploads\/2025\/12\/plaques-solars-300x149.jpg 300w, https:\/\/lasenia.cat\/web\/wp-content\/uploads\/2025\/12\/plaques-solars-768x380.jpg 768w\" sizes=\"auto, (max-width: 1024px) 100vw, 1024px\" \/><\/figure>\n<\/div>\n\n\n\n<div class=\"wp-block-column is-layout-flow wp-block-column-is-layout-flow\">\n<figure class=\"wp-block-image size-full\"><img loading=\"lazy\" decoding=\"async\" width=\"768\" height=\"432\" src=\"https:\/\/lasenia.cat\/web\/wp-content\/uploads\/2025\/12\/plaques-solars1.jpg\" alt=\"\" class=\"wp-image-8136\" srcset=\"https:\/\/lasenia.cat\/web\/wp-content\/uploads\/2025\/12\/plaques-solars1.jpg 768w, https:\/\/lasenia.cat\/web\/wp-content\/uploads\/2025\/12\/plaques-solars1-300x169.jpg 300w\" sizes=\"auto, (max-width: 768px) 100vw, 768px\" \/><\/figure>\n<\/div>\n<\/div>\n\n\n\n<figure class=\"wp-block-image size-full\" style=\"margin-top:var(--wp--preset--spacing--60);margin-right:0;margin-bottom:var(--wp--preset--spacing--60);margin-left:0\"><img loading=\"lazy\" decoding=\"async\" width=\"417\" height=\"121\" src=\"https:\/\/lasenia.cat\/web\/wp-content\/uploads\/2025\/12\/Logo-Generalitat-Catalunya.png\" alt=\"\" class=\"wp-image-8135\" srcset=\"https:\/\/lasenia.cat\/web\/wp-content\/uploads\/2025\/12\/Logo-Generalitat-Catalunya.png 417w, https:\/\/lasenia.cat\/web\/wp-content\/uploads\/2025\/12\/Logo-Generalitat-Catalunya-300x87.png 300w\" sizes=\"auto, (max-width: 417px) 100vw, 417px\" \/><\/figure>\n","protected":false},"excerpt":{"rendered":"<p>L\u2019Ajuntament de la S\u00e9nia&nbsp;ha dut a terme la instal\u00b7laci\u00f3 de plaques solars fotovoltaiques a les cobertes de tres edificis municipals:<\/p>\n","protected":false},"author":1,"featured_media":4268,"comment_status":"closed","ping_status":"closed","sticky":false,"template":"","format":"standard","meta":{"colormag_page_container_layout":"default_layout","colormag_page_sidebar_layout":"default_layout","footnotes":""},"categories":[119,32,12],"tags":[],"class_list":["post-8134","post","type-post","status-publish","format-standard","has-post-thumbnail","hentry","category-actualitat","category-ajuts-i-subvencions","category-news"],"_links":{"self":[{"href":"https:\/\/lasenia.cat\/web\/wp-json\/wp\/v2\/posts\/8134","targetHints":{"allow":["GET"]}}],"collection":[{"href":"https:\/\/lasenia.cat\/web\/wp-json\/wp\/v2\/posts"}],"about":[{"href":"https:\/\/lasenia.cat\/web\/wp-json\/wp\/v2\/types\/post"}],"author":[{"embeddable":true,"href":"https:\/\/lasenia.cat\/web\/wp-json\/wp\/v2\/users\/1"}],"replies":[{"embeddable":true,"href":"https:\/\/lasenia.cat\/web\/wp-json\/wp\/v2\/comments?post=8134"}],"version-history":[{"count":2,"href":"https:\/\/lasenia.cat\/web\/wp-json\/wp\/v2\/posts\/8134\/revisions"}],"predecessor-version":[{"id":8139,"href":"https:\/\/lasenia.cat\/web\/wp-json\/wp\/v2\/posts\/8134\/revisions\/8139"}],"wp:featuredmedia":[{"embeddable":true,"href":"https:\/\/lasenia.cat\/web\/wp-json\/wp\/v2\/media\/4268"}],"wp:attachment":[{"href":"https:\/\/lasenia.cat\/web\/wp-json\/wp\/v2\/media?parent=8134"}],"wp:term":[{"taxonomy":"category","embeddable":true,"href":"https:\/\/lasenia.cat\/web\/wp-json\/wp\/v2\/categories?post=8134"},{"taxonomy":"post_tag","embeddable":true,"href":"https:\/\/lasenia.cat\/web\/wp-json\/wp\/v2\/tags?post=8134"}],"curies":[{"name":"wp","href":"https:\/\/api.w.org\/{rel}","templated":true}]}}