{"id":8011,"date":"2025-11-18T19:03:30","date_gmt":"2025-11-18T18:03:30","guid":{"rendered":"https:\/\/lasenia.cat\/web\/?p=8011"},"modified":"2025-11-18T19:03:45","modified_gmt":"2025-11-18T18:03:45","slug":"anunci-daprovacio-definitiva-del-projecte-durbanitzacio-dels-carrers-adjacents-a-la-pl-montsia-a-la-senia","status":"publish","type":"post","link":"https:\/\/lasenia.cat\/web\/2025\/11\/18\/anunci-daprovacio-definitiva-del-projecte-durbanitzacio-dels-carrers-adjacents-a-la-pl-montsia-a-la-senia\/","title":{"rendered":"Anunci d\u2019aprovaci\u00f3 definitiva del projecte d&#8217;urbanitzaci\u00f3 dels carrers adjacents a la Pla\u00e7a Montsi\u00e0, a la S\u00e9nia"},"content":{"rendered":"\n<p>LO FULL JUNY 2010<\/p>\n\n\n\n<p>Per acord de Ple de data 27\/10\/2025 s\u2019ha aprovat definitivament el \u201cProjecte d&#8217;urbanitzaci\u00f3 dels carrers adjacents a la Pl. Montsi\u00e0, a la S\u00e9nia\u201d, redactat pels t\u00e8cnics externs: Miguel \u00c1ngel And\u00fajar Mero\u00f1o (Enginyer de Camins Canals i Ports) i F\u00e9lix Belmar L\u00f3pez (Enginyer T\u00e8cnic d\u2019Obres P\u00fabliques), amb un pressupost per contractar de 1.103.232,97 \u20ac m\u00e9s 21% d\u2019 IVA (231.678,92 \u20ac), \u00e9s a dir, un total de 1.334.911,89 \u20ac (IVA incl\u00f2s), la qual cosa es publica a l\u2019efecte de l\u2019article 37.2 del Decret 179\/1995, de 13 de juny, pel qual s\u2019aprova el Reglament d\u2019Obres, Activitats i Serveis de les Entitats Locals.<\/p>\n\n\n\n<p>La S\u00e9nia,<br>L\u2019alcaldessa, Maria Victoria Almuni Balada<\/p>\n\n\n\n<p><\/p>\n\n\n\n<p><\/p>\n\n\n\n<p><\/p>\n","protected":false},"excerpt":{"rendered":"<p>LO FULL JUNY 2010 Per acord de Ple de data 27\/10\/2025 s\u2019ha aprovat definitivament el \u201cProjecte d&#8217;urbanitzaci\u00f3 dels carrers adjacents<\/p>\n","protected":false},"author":6,"featured_media":4140,"comment_status":"closed","ping_status":"closed","sticky":false,"template":"","format":"standard","meta":{"colormag_page_container_layout":"default_layout","colormag_page_sidebar_layout":"default_layout","footnotes":""},"categories":[119,2],"tags":[],"class_list":["post-8011","post","type-post","status-publish","format-standard","has-post-thumbnail","hentry","category-actualitat","category-ajuntament"],"_links":{"self":[{"href":"https:\/\/lasenia.cat\/web\/wp-json\/wp\/v2\/posts\/8011","targetHints":{"allow":["GET"]}}],"collection":[{"href":"https:\/\/lasenia.cat\/web\/wp-json\/wp\/v2\/posts"}],"about":[{"href":"https:\/\/lasenia.cat\/web\/wp-json\/wp\/v2\/types\/post"}],"author":[{"embeddable":true,"href":"https:\/\/lasenia.cat\/web\/wp-json\/wp\/v2\/users\/6"}],"replies":[{"embeddable":true,"href":"https:\/\/lasenia.cat\/web\/wp-json\/wp\/v2\/comments?post=8011"}],"version-history":[{"count":2,"href":"https:\/\/lasenia.cat\/web\/wp-json\/wp\/v2\/posts\/8011\/revisions"}],"predecessor-version":[{"id":8013,"href":"https:\/\/lasenia.cat\/web\/wp-json\/wp\/v2\/posts\/8011\/revisions\/8013"}],"wp:featuredmedia":[{"embeddable":true,"href":"https:\/\/lasenia.cat\/web\/wp-json\/wp\/v2\/media\/4140"}],"wp:attachment":[{"href":"https:\/\/lasenia.cat\/web\/wp-json\/wp\/v2\/media?parent=8011"}],"wp:term":[{"taxonomy":"category","embeddable":true,"href":"https:\/\/lasenia.cat\/web\/wp-json\/wp\/v2\/categories?post=8011"},{"taxonomy":"post_tag","embeddable":true,"href":"https:\/\/lasenia.cat\/web\/wp-json\/wp\/v2\/tags?post=8011"}],"curies":[{"name":"wp","href":"https:\/\/api.w.org\/{rel}","templated":true}]}}