{"id":8009,"date":"2025-11-18T18:56:44","date_gmt":"2025-11-18T17:56:44","guid":{"rendered":"https:\/\/lasenia.cat\/web\/?p=8009"},"modified":"2025-11-18T18:56:44","modified_gmt":"2025-11-18T17:56:44","slug":"anunci-daprovacio-definitiva-del-projecte-executiu-de-digitalitzacio-de-la-xarxa-de-distribucio-daigua-potable-al-nucli-urba-de-la-senia-montsia-tarragona","status":"publish","type":"post","link":"https:\/\/lasenia.cat\/web\/2025\/11\/18\/anunci-daprovacio-definitiva-del-projecte-executiu-de-digitalitzacio-de-la-xarxa-de-distribucio-daigua-potable-al-nucli-urba-de-la-senia-montsia-tarragona\/","title":{"rendered":"Anunci d\u2019aprovaci\u00f3 definitiva del projecte executiu de digitalitzaci\u00f3 de la xarxa de distribuci\u00f3 d\u2019aigua potable al nucli urb\u00e0 de la S\u00e9nia.(Montsi\u00e0-Tarragona)"},"content":{"rendered":"\n<p>Per acord de Ple de data 27\/10\/2025 s\u2019ha aprovat definitivament el \u201cProjecte executiu de digitalitzaci\u00f3 de la xarxa de distribuci\u00f3 d\u2019aigua potable al nucli urb\u00e0 de la S\u00e9nia (Montsi\u00e0-Tarragona)\u201d, redactat pel t\u00e8cnic municipal Javier Roig Prades (Enginyer de Camins Canals i Ports), amb un pressupost per contractar de 200.391,50 \u20ac m\u00e9s 21% d\u2019 IVA (42.082,22 \u20ac), \u00e9s a dir, un total de 242.473,72 \u20ac (IVA incl\u00f2s), la qual cosa es publica a l\u2019efecte de l\u2019article 37.2 del Decret 179\/1995, de 13 de juny, pel qual s\u2019aprova el Reglament d\u2019Obres, Activitats i Serveis de les Entitats Locals.<\/p>\n\n\n\n<p>La S\u00e9nia,<br>L\u2019alcaldessa, Maria Victoria Almuni Balada<\/p>\n\n\n\n<p><\/p>\n\n\n\n<p><\/p>\n\n\n\n<p><\/p>\n\n\n\n<p><\/p>\n\n\n\n<p><\/p>\n","protected":false},"excerpt":{"rendered":"<p>Per acord de Ple de data 27\/10\/2025 s\u2019ha aprovat definitivament el \u201cProjecte executiu de digitalitzaci\u00f3 de la xarxa de distribuci\u00f3<\/p>\n","protected":false},"author":6,"featured_media":4140,"comment_status":"closed","ping_status":"closed","sticky":false,"template":"","format":"standard","meta":{"colormag_page_container_layout":"default_layout","colormag_page_sidebar_layout":"default_layout","footnotes":""},"categories":[119,2],"tags":[],"class_list":["post-8009","post","type-post","status-publish","format-standard","has-post-thumbnail","hentry","category-actualitat","category-ajuntament"],"_links":{"self":[{"href":"https:\/\/lasenia.cat\/web\/wp-json\/wp\/v2\/posts\/8009","targetHints":{"allow":["GET"]}}],"collection":[{"href":"https:\/\/lasenia.cat\/web\/wp-json\/wp\/v2\/posts"}],"about":[{"href":"https:\/\/lasenia.cat\/web\/wp-json\/wp\/v2\/types\/post"}],"author":[{"embeddable":true,"href":"https:\/\/lasenia.cat\/web\/wp-json\/wp\/v2\/users\/6"}],"replies":[{"embeddable":true,"href":"https:\/\/lasenia.cat\/web\/wp-json\/wp\/v2\/comments?post=8009"}],"version-history":[{"count":1,"href":"https:\/\/lasenia.cat\/web\/wp-json\/wp\/v2\/posts\/8009\/revisions"}],"predecessor-version":[{"id":8010,"href":"https:\/\/lasenia.cat\/web\/wp-json\/wp\/v2\/posts\/8009\/revisions\/8010"}],"wp:featuredmedia":[{"embeddable":true,"href":"https:\/\/lasenia.cat\/web\/wp-json\/wp\/v2\/media\/4140"}],"wp:attachment":[{"href":"https:\/\/lasenia.cat\/web\/wp-json\/wp\/v2\/media?parent=8009"}],"wp:term":[{"taxonomy":"category","embeddable":true,"href":"https:\/\/lasenia.cat\/web\/wp-json\/wp\/v2\/categories?post=8009"},{"taxonomy":"post_tag","embeddable":true,"href":"https:\/\/lasenia.cat\/web\/wp-json\/wp\/v2\/tags?post=8009"}],"curies":[{"name":"wp","href":"https:\/\/api.w.org\/{rel}","templated":true}]}}