{"id":8000,"date":"2025-11-18T14:10:46","date_gmt":"2025-11-18T13:10:46","guid":{"rendered":"https:\/\/lasenia.cat\/web\/?p=8000"},"modified":"2025-11-20T12:12:35","modified_gmt":"2025-11-20T11:12:35","slug":"programa-treball-i-formacio-2025","status":"publish","type":"post","link":"https:\/\/lasenia.cat\/web\/2025\/11\/18\/programa-treball-i-formacio-2025\/","title":{"rendered":"PROGRAMA TREBALL I FORMACI\u00d3 2025"},"content":{"rendered":"\n<p>L\u2019Ajuntament de la S\u00e9nia va formalitzar un conveni amb el Consell Comarcal del Montsi\u00e0 per executar un projecte ocupacional amb la finalitat de fomentar la inserci\u00f3 laboral en col\u00b7lectius en risc d\u2019exclusi\u00f3 laboral.<\/p>\n\n\n\n<p>El Consell Comarcal del Montsi\u00e0 actua d\u2019entitat promotora del programa i coordina la contractaci\u00f3 d\u2019aquestes persones aix\u00ed com, l\u2019acompanyament i la formaci\u00f3. A difer\u00e8ncia dels darrers anys, l\u2019Ajuntament gestionar\u00e0 directament el proc\u00e9s de contractaci\u00f3 del programa.<\/p>\n\n\n\n<p>En data 20 d\u2019octubre de 2025, l\u2019Ajuntament de la S\u00e9nia va contractar dues persones per a realitzar les tasques de manteniment i suport a la brigada de Serveis Municipals. Aquests contractes tindran una durada d\u2019un any.<\/p>\n\n\n\n<p>Els col\u00b7lectius assignats a l\u2019Ajuntament de la S\u00e9nia per a la contractaci\u00f3 d\u2019aquestes persones s\u00f3n:<\/p>\n\n\n\n<ul class=\"wp-block-list\">\n<li>Col\u00b7lectiu MG52: persones de 52 anys o m\u00e9s que estiguin en situaci\u00f3 d&#8217;atur inscrites com a demandants d&#8217;ocupaci\u00f3 no ocupades (DONO).<\/li>\n\n\n\n<li>Col\u00b7lectiu PANP: persones en situaci\u00f3 d&#8217;atur de llarga durada, no perceptores de prestaci\u00f3 per desocupaci\u00f3, es consideren en atur de llarga durada aquelles persones inscrites com a DONO durant almenys 6 mesos dins dels 18 mesos anteriors<strong> <\/strong>a la presentaci\u00f3 de l\u2019oferta.<\/li>\n<\/ul>\n\n\n\n<p>Es pret\u00e9n que aquestes persones puguin millorar la seva ocupabilitat amb l&#8217;adquisici\u00f3 d\u2019aptituds i compet\u00e8ncies derivades de la pr\u00e0ctica laboral, de manera que sigui possible la seva incorporaci\u00f3 al mercat laboral de forma estable i duradora en el temps.<\/p>\n\n\n\n<p>Contracte de treball subvencionat pel Servei P\u00fablic d\u2019Ocupaci\u00f3 de Catalunya i&nbsp;efectuat d\u2019acord amb les condicions establertes al Programa Treball i Formaci\u00f3&nbsp;regulat per la Resoluci\u00f3 EMT\/4632\/2024, de 16 de desembre, per la qual s&#8217;obre la&nbsp;convocat\u00f2ria anticipada de subvencions per a l&#8217;any 2025 en relaci\u00f3 amb les&nbsp;actuacions del programa Treball i Formaci\u00f3, per a la participaci\u00f3 de les entitats locals&nbsp;(SOC-TRFO EELL) (ref. BDNS 804129); i regulada per l\u2019Ordre EMT\/89\/2024, de 24&nbsp;d&#8217;abril, per la qual s&#8217;aproven les bases reguladores per a la concessi\u00f3 de subvencions&nbsp;del Programa Treball i Formaci\u00f3 (SOC &#8211; Treball i Formaci\u00f3), modificada per l\u2019Ordre&nbsp;EMT\/155\/2024, de 8 de juliol.<\/p>\n\n\n\n<p>Aquest contracte est\u00e0 finan\u00e7at per la Confer\u00e8ncia Sectorial d\u2019Ocupaci\u00f3 i Afers&nbsp;Laborals del Ministeri de Treball i Economia Social per a l\u2019exercici econ\u00f2mic de 2025.<\/p>\n\n\n\n<div class=\"wp-block-columns is-layout-flex wp-container-core-columns-is-layout-28f84493 wp-block-columns-is-layout-flex\">\n<div class=\"wp-block-column is-layout-flow wp-block-column-is-layout-flow\">\n<figure class=\"wp-block-image size-full\"><img loading=\"lazy\" decoding=\"async\" width=\"810\" height=\"1012\" src=\"https:\/\/lasenia.cat\/web\/wp-content\/uploads\/2025\/11\/2.jpg\" alt=\"\" class=\"wp-image-8059\" srcset=\"https:\/\/lasenia.cat\/web\/wp-content\/uploads\/2025\/11\/2.jpg 810w, https:\/\/lasenia.cat\/web\/wp-content\/uploads\/2025\/11\/2-240x300.jpg 240w, https:\/\/lasenia.cat\/web\/wp-content\/uploads\/2025\/11\/2-768x960.jpg 768w\" sizes=\"auto, (max-width: 810px) 100vw, 810px\" \/><\/figure>\n<\/div>\n\n\n\n<div class=\"wp-block-column is-layout-flow wp-block-column-is-layout-flow\">\n<figure class=\"wp-block-image size-large\"><img loading=\"lazy\" decoding=\"async\" width=\"819\" height=\"1024\" src=\"https:\/\/lasenia.cat\/web\/wp-content\/uploads\/2025\/11\/7-819x1024.jpg\" alt=\"\" class=\"wp-image-8060\" srcset=\"https:\/\/lasenia.cat\/web\/wp-content\/uploads\/2025\/11\/7-819x1024.jpg 819w, https:\/\/lasenia.cat\/web\/wp-content\/uploads\/2025\/11\/7-240x300.jpg 240w, https:\/\/lasenia.cat\/web\/wp-content\/uploads\/2025\/11\/7-768x960.jpg 768w, https:\/\/lasenia.cat\/web\/wp-content\/uploads\/2025\/11\/7.jpg 1124w\" sizes=\"auto, (max-width: 819px) 100vw, 819px\" \/><\/figure>\n<\/div>\n\n\n\n<div class=\"wp-block-column is-layout-flow wp-block-column-is-layout-flow\">\n<figure class=\"wp-block-image size-large\"><img loading=\"lazy\" decoding=\"async\" width=\"820\" height=\"1024\" src=\"https:\/\/lasenia.cat\/web\/wp-content\/uploads\/2025\/11\/1-820x1024.jpg\" alt=\"\" class=\"wp-image-8061\" srcset=\"https:\/\/lasenia.cat\/web\/wp-content\/uploads\/2025\/11\/1-820x1024.jpg 820w, https:\/\/lasenia.cat\/web\/wp-content\/uploads\/2025\/11\/1-240x300.jpg 240w, https:\/\/lasenia.cat\/web\/wp-content\/uploads\/2025\/11\/1-768x960.jpg 768w, https:\/\/lasenia.cat\/web\/wp-content\/uploads\/2025\/11\/1.jpg 990w\" sizes=\"auto, (max-width: 820px) 100vw, 820px\" \/><\/figure>\n<\/div>\n<\/div>\n\n\n\n<p><\/p>\n\n\n\n<figure class=\"wp-block-image size-full\"><img loading=\"lazy\" decoding=\"async\" width=\"550\" height=\"71\" src=\"https:\/\/lasenia.cat\/web\/wp-content\/uploads\/2025\/11\/image-1.png\" alt=\"\" class=\"wp-image-8002\" srcset=\"https:\/\/lasenia.cat\/web\/wp-content\/uploads\/2025\/11\/image-1.png 550w, https:\/\/lasenia.cat\/web\/wp-content\/uploads\/2025\/11\/image-1-300x39.png 300w\" sizes=\"auto, (max-width: 550px) 100vw, 550px\" \/><\/figure>\n\n\n\n<figure class=\"wp-block-image size-full\"><img loading=\"lazy\" decoding=\"async\" width=\"417\" height=\"121\" src=\"https:\/\/lasenia.cat\/web\/wp-content\/uploads\/2025\/11\/logo-gene.png\" alt=\"\" class=\"wp-image-8056\" srcset=\"https:\/\/lasenia.cat\/web\/wp-content\/uploads\/2025\/11\/logo-gene.png 417w, https:\/\/lasenia.cat\/web\/wp-content\/uploads\/2025\/11\/logo-gene-300x87.png 300w\" sizes=\"auto, (max-width: 417px) 100vw, 417px\" \/><\/figure>\n\n\n\n<figure class=\"wp-block-image size-full\"><img loading=\"lazy\" decoding=\"async\" width=\"327\" height=\"112\" src=\"https:\/\/lasenia.cat\/web\/wp-content\/uploads\/2025\/11\/image.png\" alt=\"\" class=\"wp-image-8001\" srcset=\"https:\/\/lasenia.cat\/web\/wp-content\/uploads\/2025\/11\/image.png 327w, https:\/\/lasenia.cat\/web\/wp-content\/uploads\/2025\/11\/image-300x103.png 300w\" sizes=\"auto, (max-width: 327px) 100vw, 327px\" \/><\/figure>\n\n\n\n<figure class=\"wp-block-image size-full\"><img loading=\"lazy\" decoding=\"async\" width=\"419\" height=\"116\" src=\"https:\/\/lasenia.cat\/web\/wp-content\/uploads\/2025\/11\/image-2.png\" alt=\"\" class=\"wp-image-8003\" srcset=\"https:\/\/lasenia.cat\/web\/wp-content\/uploads\/2025\/11\/image-2.png 419w, https:\/\/lasenia.cat\/web\/wp-content\/uploads\/2025\/11\/image-2-300x83.png 300w\" sizes=\"auto, (max-width: 419px) 100vw, 419px\" \/><\/figure>\n\n\n\n<p><\/p>\n","protected":false},"excerpt":{"rendered":"<p>L\u2019Ajuntament de la S\u00e9nia va formalitzar un conveni amb el Consell Comarcal del Montsi\u00e0 per executar un projecte ocupacional amb<\/p>\n","protected":false},"author":1,"featured_media":4268,"comment_status":"closed","ping_status":"closed","sticky":false,"template":"","format":"standard","meta":{"colormag_page_container_layout":"default_layout","colormag_page_sidebar_layout":"default_layout","footnotes":""},"categories":[119,32,1],"tags":[],"class_list":["post-8000","post","type-post","status-publish","format-standard","has-post-thumbnail","hentry","category-actualitat","category-ajuts-i-subvencions","category-general"],"_links":{"self":[{"href":"https:\/\/lasenia.cat\/web\/wp-json\/wp\/v2\/posts\/8000","targetHints":{"allow":["GET"]}}],"collection":[{"href":"https:\/\/lasenia.cat\/web\/wp-json\/wp\/v2\/posts"}],"about":[{"href":"https:\/\/lasenia.cat\/web\/wp-json\/wp\/v2\/types\/post"}],"author":[{"embeddable":true,"href":"https:\/\/lasenia.cat\/web\/wp-json\/wp\/v2\/users\/1"}],"replies":[{"embeddable":true,"href":"https:\/\/lasenia.cat\/web\/wp-json\/wp\/v2\/comments?post=8000"}],"version-history":[{"count":4,"href":"https:\/\/lasenia.cat\/web\/wp-json\/wp\/v2\/posts\/8000\/revisions"}],"predecessor-version":[{"id":8062,"href":"https:\/\/lasenia.cat\/web\/wp-json\/wp\/v2\/posts\/8000\/revisions\/8062"}],"wp:featuredmedia":[{"embeddable":true,"href":"https:\/\/lasenia.cat\/web\/wp-json\/wp\/v2\/media\/4268"}],"wp:attachment":[{"href":"https:\/\/lasenia.cat\/web\/wp-json\/wp\/v2\/media?parent=8000"}],"wp:term":[{"taxonomy":"category","embeddable":true,"href":"https:\/\/lasenia.cat\/web\/wp-json\/wp\/v2\/categories?post=8000"},{"taxonomy":"post_tag","embeddable":true,"href":"https:\/\/lasenia.cat\/web\/wp-json\/wp\/v2\/tags?post=8000"}],"curies":[{"name":"wp","href":"https:\/\/api.w.org\/{rel}","templated":true}]}}