{"id":7961,"date":"2025-11-11T08:48:04","date_gmt":"2025-11-11T07:48:04","guid":{"rendered":"https:\/\/lasenia.cat\/web\/?p=7961"},"modified":"2025-11-11T09:10:26","modified_gmt":"2025-11-11T08:10:26","slug":"anunci-aprovacio-inicial-del-projecte-executiu-darranjament-de-camins-municipals-malmesos-pels-aiguats-del-novembre-2024-a-la-senia-montsia-tarragona","status":"publish","type":"post","link":"https:\/\/lasenia.cat\/web\/2025\/11\/11\/anunci-aprovacio-inicial-del-projecte-executiu-darranjament-de-camins-municipals-malmesos-pels-aiguats-del-novembre-2024-a-la-senia-montsia-tarragona\/","title":{"rendered":"Anunci. Aprovaci\u00f3 inicial del projecte executiu d&#8217;arranjament de camins municipals malmesos pels aiguats del novembre 2024 a la S\u00e9nia (Montsi\u00e0-Tarragona)"},"content":{"rendered":"\n<p>Per Acord de ple de data 28\/10\/2025, es va aprovar inicialment el Projecte executiu d&#8217;arranjament de camins municipals malmesos pels aiguats del novembre 2024 a la S\u00e9nia (Montsi\u00e0-Tarragona), redactat per l&#8217;enginyer municipal de camins, canals i ports Javier Roig Prades, col. 24.854, amb un pressupost de 47.426,65 \u20ac, i 9.959,60 \u20ac e concepte d\u2019impost sobre el valor afegit (IVA) al tipus del 21%.euros.<\/p>\n\n\n\n<p>Mitjan\u00e7ant aquest anunci, se sotmet l\u2019esmentat Projecte a informaci\u00f3 p\u00fablica per un termini de trenta dies h\u00e0bils, a comptar des de la publicaci\u00f3 en el BOP de Tarragona, perqu\u00e8 les persones interessades examinin el Projecte i presentin, si s\u2019escau, les al\u00b7legacions que considerin pertinents.<\/p>\n\n\n\n<p>El Projecte es pot examinar en les oficines de l\u2019Ajuntament de la S\u00e9nia, en horari d&#8217;atenci\u00f3 al p\u00fablic. O tamb\u00e9 al seg\u00fcent enlla\u00e7: <a href=\"https:\/\/lasenia.cat\/web\/wp-content\/uploads\/2025\/11\/PROJECTE-EXECUTIU-ARRANJAMENT-CAMINS-MALMESOS-DANYS-METEOROLOGICS-NOVEMBRE-2024-A-LA-SENIA-sgt_compressed.pdf\" data-type=\"link\" data-id=\"https:\/\/lasenia.cat\/web\/wp-content\/uploads\/2025\/11\/PROJECTE-EXECUTIU-ARRANJAMENT-CAMINS-MALMESOS-DANYS-METEOROLOGICS-NOVEMBRE-2024-A-LA-SENIA-sgt_compressed.pdf\">AQU\u00cd<\/a><\/p>\n\n\n\n<p>Aix\u00ed mateix, estar\u00e0 a la disposici\u00f3 dels interessats a la p\u00e0gina web de l\u2019 Ajuntament www.lasenia.cat, i en el tauler d\u2019anuncis electr\u00f2nic a la seu electr\u00f2nica d&#8217;aquest Ajuntament [https:\/\/seu-e.cat\/ca\/web\/lasenia].<\/p>\n\n\n\n<p>L&#8217;alcaldessa, Maria Victoria Almuni Balada<\/p>\n","protected":false},"excerpt":{"rendered":"<p>Per Acord de ple de data 28\/10\/2025, es va aprovar inicialment el Projecte executiu d&#8217;arranjament de camins municipals malmesos pels<\/p>\n","protected":false},"author":6,"featured_media":4140,"comment_status":"closed","ping_status":"closed","sticky":false,"template":"","format":"standard","meta":{"colormag_page_container_layout":"default_layout","colormag_page_sidebar_layout":"default_layout","footnotes":""},"categories":[119,2],"tags":[],"class_list":["post-7961","post","type-post","status-publish","format-standard","has-post-thumbnail","hentry","category-actualitat","category-ajuntament"],"_links":{"self":[{"href":"https:\/\/lasenia.cat\/web\/wp-json\/wp\/v2\/posts\/7961","targetHints":{"allow":["GET"]}}],"collection":[{"href":"https:\/\/lasenia.cat\/web\/wp-json\/wp\/v2\/posts"}],"about":[{"href":"https:\/\/lasenia.cat\/web\/wp-json\/wp\/v2\/types\/post"}],"author":[{"embeddable":true,"href":"https:\/\/lasenia.cat\/web\/wp-json\/wp\/v2\/users\/6"}],"replies":[{"embeddable":true,"href":"https:\/\/lasenia.cat\/web\/wp-json\/wp\/v2\/comments?post=7961"}],"version-history":[{"count":2,"href":"https:\/\/lasenia.cat\/web\/wp-json\/wp\/v2\/posts\/7961\/revisions"}],"predecessor-version":[{"id":7965,"href":"https:\/\/lasenia.cat\/web\/wp-json\/wp\/v2\/posts\/7961\/revisions\/7965"}],"wp:featuredmedia":[{"embeddable":true,"href":"https:\/\/lasenia.cat\/web\/wp-json\/wp\/v2\/media\/4140"}],"wp:attachment":[{"href":"https:\/\/lasenia.cat\/web\/wp-json\/wp\/v2\/media?parent=7961"}],"wp:term":[{"taxonomy":"category","embeddable":true,"href":"https:\/\/lasenia.cat\/web\/wp-json\/wp\/v2\/categories?post=7961"},{"taxonomy":"post_tag","embeddable":true,"href":"https:\/\/lasenia.cat\/web\/wp-json\/wp\/v2\/tags?post=7961"}],"curies":[{"name":"wp","href":"https:\/\/api.w.org\/{rel}","templated":true}]}}