{"id":7691,"date":"2025-10-08T14:02:29","date_gmt":"2025-10-08T12:02:29","guid":{"rendered":"https:\/\/lasenia.cat\/web\/?p=7691"},"modified":"2025-10-11T11:36:52","modified_gmt":"2025-10-11T09:36:52","slug":"la-senia-torna-a-convertir-se-en-el-gran-aparador-de-lartesania-i-el-moble-amb-la-xvii-fira-dartesania-de-la-fusta-i-la-xii-festa-del-moble","status":"publish","type":"post","link":"https:\/\/lasenia.cat\/web\/2025\/10\/08\/la-senia-torna-a-convertir-se-en-el-gran-aparador-de-lartesania-i-el-moble-amb-la-xvii-fira-dartesania-de-la-fusta-i-la-xii-festa-del-moble\/","title":{"rendered":"La S\u00e9nia torna a convertir-se en el gran aparador de l\u2019artesania i el moble amb la XVII Fira d\u2019Artesania de la Fusta i la XII Festa del Moble"},"content":{"rendered":"\n<p>Els dies 18 i 19 d\u2019octubre de 2025, la S\u00e9nia viur\u00e0 un cap de setmana ple de tradici\u00f3, creativitat i ofici amb la celebraci\u00f3 de la XVII Fira d\u2019Artesania de la Fusta i la XII Festa del Moble, una cita consolidada que fusiona artesania, comer\u00e7 i cultura amb un mateix objectiu: impulsar l\u2019economia local.<\/p>\n\n\n\n<p>La fira, \u00fanica a Catalunya especialitzada en la fusta i el moble, reunir\u00e0 una \u00e0mplia mostra d\u2019artesans i artesanes locals i d\u2019arreu del pa\u00eds, que compartiran el seu talent i coneixement amb el p\u00fablic a trav\u00e9s de demostracions d\u2019oficis tradicionals com el tornejat, la talla d\u2019escultura, la il\u00b7lustraci\u00f3 sobre fusta&#8230; una oportunitat per veure de prop com la passi\u00f3 per la fusta pren forma en mans expertes. Una de les novetats d\u2019enguany \u00e9s la incorporaci\u00f3 de l\u2019artesania convidada, amb la participaci\u00f3 d\u2019una teixidora que mostrar\u00e0 el treball amb teler de baix lli\u00e7.<\/p>\n\n\n\n<p>A m\u00e9s de la mostra d\u2019expositors i les demostracions d\u2019ofici, la fira oferir\u00e0 activitats per a tots els p\u00fablics, com tallers participatius, exposicions, jocs tradicionals de fusta, confer\u00e8ncies i espectacles musicals. Destaquen la mostra interactiva Fustacub, el taller de foto-transfer\u00e8ncia sobre fusta, o la sessi\u00f3 d\u2019iniciaci\u00f3 a la restauraci\u00f3 de mobles, entre altres propostes.<\/p>\n\n\n\n<p>Durant la jornada de dissabte, el trenet tur\u00edstic enlla\u00e7ar\u00e0 el recinte firal amb les botigues de mobles, permetent gaudir tamb\u00e9 de la XII Festa del Moble, impulsada per la Federaci\u00f3 de Comerciants del Moble de la S\u00e9nia (FECOMS), que oferir\u00e0 importants descomptes i sorteigs de vals de compra per valor de fins a 2.000\u20ac entre tota la seua clientela.<\/p>\n\n\n\n<p>L\u2019oferta es completar\u00e0 amb una zona de restauraci\u00f3 i lleure a l\u2019exterior del recinte firal, on els visitants podran fer una pausa per degustar diverses propostes gastron\u00f2miques en un ambient festiu i familiar.<\/p>\n\n\n\n<p>La Fira d\u2019Artesania de la Fusta i la Festa del Moble de la S\u00e9nia s\u00f3n molt m\u00e9s que una mostra comercial: s\u00f3n un espai de trobada, aprenentatge i conviv\u00e8ncia que posa en valor la identitat fustera de la localitat senienca, un poble amb una llarga tradici\u00f3 vinculada al treball de la fusta i al m\u00f3n del moble.<\/p>\n\n\n\n<p>Us esperem els dies 18 i 19 d\u2019octubre per viure, descobrir, gaudir i comprar artesania i mobles de qualitat!<\/p>\n\n\n\n<p>Recinte firal del Pavell\u00f3 Polivalent (C\/ Domenges, 3) Horari: de 10 a 14 h i de 16 a 20 h<br>M\u00e9s informaci\u00f3 i programa complet d\u2019activitats: <a href=\"https:\/\/www.firadelafustaimoble.org\/\">https:\/\/www.firadelafustaimoble.org\/<\/a><\/p>\n\n\n\n<figure class=\"wp-block-image size-large\"><img loading=\"lazy\" decoding=\"async\" width=\"730\" height=\"1024\" src=\"https:\/\/lasenia.cat\/web\/wp-content\/uploads\/2025\/10\/disseny-correcte-2025-730x1024.jpg\" alt=\"\" class=\"wp-image-7762\" srcset=\"https:\/\/lasenia.cat\/web\/wp-content\/uploads\/2025\/10\/disseny-correcte-2025-730x1024.jpg 730w, https:\/\/lasenia.cat\/web\/wp-content\/uploads\/2025\/10\/disseny-correcte-2025-214x300.jpg 214w, https:\/\/lasenia.cat\/web\/wp-content\/uploads\/2025\/10\/disseny-correcte-2025-768x1078.jpg 768w, https:\/\/lasenia.cat\/web\/wp-content\/uploads\/2025\/10\/disseny-correcte-2025-1094x1536.jpg 1094w, https:\/\/lasenia.cat\/web\/wp-content\/uploads\/2025\/10\/disseny-correcte-2025.jpg 1192w\" sizes=\"auto, (max-width: 730px) 100vw, 730px\" \/><\/figure>\n","protected":false},"excerpt":{"rendered":"<p>Els dies 18 i 19 d\u2019octubre de 2025, la S\u00e9nia viur\u00e0 un cap de setmana ple de tradici\u00f3, creativitat i<\/p>\n","protected":false},"author":6,"featured_media":7692,"comment_status":"closed","ping_status":"closed","sticky":false,"template":"","format":"standard","meta":{"colormag_page_container_layout":"default_layout","colormag_page_sidebar_layout":"default_layout","footnotes":""},"categories":[119,20],"tags":[],"class_list":["post-7691","post","type-post","status-publish","format-standard","has-post-thumbnail","hentry","category-actualitat","category-fira_artesania"],"_links":{"self":[{"href":"https:\/\/lasenia.cat\/web\/wp-json\/wp\/v2\/posts\/7691","targetHints":{"allow":["GET"]}}],"collection":[{"href":"https:\/\/lasenia.cat\/web\/wp-json\/wp\/v2\/posts"}],"about":[{"href":"https:\/\/lasenia.cat\/web\/wp-json\/wp\/v2\/types\/post"}],"author":[{"embeddable":true,"href":"https:\/\/lasenia.cat\/web\/wp-json\/wp\/v2\/users\/6"}],"replies":[{"embeddable":true,"href":"https:\/\/lasenia.cat\/web\/wp-json\/wp\/v2\/comments?post=7691"}],"version-history":[{"count":2,"href":"https:\/\/lasenia.cat\/web\/wp-json\/wp\/v2\/posts\/7691\/revisions"}],"predecessor-version":[{"id":7763,"href":"https:\/\/lasenia.cat\/web\/wp-json\/wp\/v2\/posts\/7691\/revisions\/7763"}],"wp:featuredmedia":[{"embeddable":true,"href":"https:\/\/lasenia.cat\/web\/wp-json\/wp\/v2\/media\/7692"}],"wp:attachment":[{"href":"https:\/\/lasenia.cat\/web\/wp-json\/wp\/v2\/media?parent=7691"}],"wp:term":[{"taxonomy":"category","embeddable":true,"href":"https:\/\/lasenia.cat\/web\/wp-json\/wp\/v2\/categories?post=7691"},{"taxonomy":"post_tag","embeddable":true,"href":"https:\/\/lasenia.cat\/web\/wp-json\/wp\/v2\/tags?post=7691"}],"curies":[{"name":"wp","href":"https:\/\/api.w.org\/{rel}","templated":true}]}}