{"id":7274,"date":"2025-06-12T12:32:39","date_gmt":"2025-06-12T11:32:39","guid":{"rendered":"https:\/\/lasenia.cat\/web\/?p=7274"},"modified":"2025-06-12T12:32:40","modified_gmt":"2025-06-12T11:32:40","slug":"anunci-de-consulta-publica","status":"publish","type":"post","link":"https:\/\/lasenia.cat\/web\/2025\/06\/12\/anunci-de-consulta-publica\/","title":{"rendered":"ANUNCI DE CONSULTA P\u00daBLICA"},"content":{"rendered":"\n<p><strong>N\u00famero d\u2019expedient: 4304450006-2025-0000224<\/strong><\/p>\n\n\n\n<p><strong>Assumpte: Modificaci\u00f3 del reglament del servei de la llar d&#8217;infants municipal de la S\u00e9nia<\/strong><\/p>\n\n\n\n<p><strong>Procediment: Modificaci\u00f3 de reglaments municipals<\/strong><\/p>\n\n\n\n<p>Amb l&#8217;objectiu de garantir la participaci\u00f3 dels ciutadans en el procediment d&#8217;elaboraci\u00f3 de normes amb rang reglamentari, i en compliment del que es disposa en l&#8217;article 133 de la Llei 39\/2015, d&#8217;1 d&#8217;octubre, del Procediment administratiu com\u00fa de les administracions p\u00fabliques, se sotmet a consulta p\u00fablica la necessitat de modificar el Reglament del servei de la llar d&#8217;infants municipal de la S\u00e9nia.<\/p>\n\n\n\n<p>El marc en qu\u00e8 es planteja la modificaci\u00f3 de la norma \u00e9s el seg\u00fcent:<\/p>\n\n\n\n<p>La Regidoria d\u2019Educaci\u00f3 ha plantejat la necessitat de modificar el Reglament municipal que regula el servei de la Llar d\u2019Infants arran d\u2019haver detectat que aquest inclou, en l\u2019annex 1, les tarifes establertes als usuaris mitjan\u00e7ant taxa per la prestaci\u00f3 de serveis o de realitzaci\u00f3, de manera que seria m\u00e9s adient distingir per separat el Reglament i l\u2019Ordenan\u00e7a reguladora de la taxa.<\/p>\n\n\n\n<p>Altrament, at\u00e8s que l\u2019esmentat Reglament va ser aprovat en sessi\u00f3 plen\u00e0ria l\u2019any 2016, cal dur a terme alguna modificaci\u00f3 en alguns dels seus articles per tal d\u2019adaptar-se a la nova realitat del centre i del servei.<\/p>\n\n\n\n<p>La durada de la consulta p\u00fablica ser\u00e0 de 10 dies h\u00e0bils des de la publicaci\u00f3 de l&#8217;Anunci en el portal de la web de l&#8217;ens local.<\/p>\n\n\n\n<p>Les aportacions de la ciutadania es podran adre\u00e7ar al correu &nbsp;<a href=\"mailto:educacio@lasenia.cat\">educacio@lasenia.cat<\/a><\/p>\n\n\n\n<p>L\u2019alcaldessa,<\/p>\n\n\n\n<p>Maria Victoria Almuni Balada<\/p>\n","protected":false},"excerpt":{"rendered":"<p>N\u00famero d\u2019expedient: 4304450006-2025-0000224 Assumpte: Modificaci\u00f3 del reglament del servei de la llar d&#8217;infants municipal de la S\u00e9nia Procediment: Modificaci\u00f3 de<\/p>\n","protected":false},"author":6,"featured_media":4268,"comment_status":"closed","ping_status":"closed","sticky":false,"template":"","format":"standard","meta":{"colormag_page_container_layout":"default_layout","colormag_page_sidebar_layout":"default_layout","footnotes":""},"categories":[27,28],"tags":[],"class_list":["post-7274","post","type-post","status-publish","format-standard","has-post-thumbnail","hentry","category-ensenyament","category-llar-dinfants"],"_links":{"self":[{"href":"https:\/\/lasenia.cat\/web\/wp-json\/wp\/v2\/posts\/7274","targetHints":{"allow":["GET"]}}],"collection":[{"href":"https:\/\/lasenia.cat\/web\/wp-json\/wp\/v2\/posts"}],"about":[{"href":"https:\/\/lasenia.cat\/web\/wp-json\/wp\/v2\/types\/post"}],"author":[{"embeddable":true,"href":"https:\/\/lasenia.cat\/web\/wp-json\/wp\/v2\/users\/6"}],"replies":[{"embeddable":true,"href":"https:\/\/lasenia.cat\/web\/wp-json\/wp\/v2\/comments?post=7274"}],"version-history":[{"count":1,"href":"https:\/\/lasenia.cat\/web\/wp-json\/wp\/v2\/posts\/7274\/revisions"}],"predecessor-version":[{"id":7275,"href":"https:\/\/lasenia.cat\/web\/wp-json\/wp\/v2\/posts\/7274\/revisions\/7275"}],"wp:featuredmedia":[{"embeddable":true,"href":"https:\/\/lasenia.cat\/web\/wp-json\/wp\/v2\/media\/4268"}],"wp:attachment":[{"href":"https:\/\/lasenia.cat\/web\/wp-json\/wp\/v2\/media?parent=7274"}],"wp:term":[{"taxonomy":"category","embeddable":true,"href":"https:\/\/lasenia.cat\/web\/wp-json\/wp\/v2\/categories?post=7274"},{"taxonomy":"post_tag","embeddable":true,"href":"https:\/\/lasenia.cat\/web\/wp-json\/wp\/v2\/tags?post=7274"}],"curies":[{"name":"wp","href":"https:\/\/api.w.org\/{rel}","templated":true}]}}