{"id":6225,"date":"2024-12-12T16:53:44","date_gmt":"2024-12-12T15:53:44","guid":{"rendered":"https:\/\/lasenia.cat\/web\/?p=6225"},"modified":"2024-12-12T16:57:51","modified_gmt":"2024-12-12T15:57:51","slug":"informacio-propietaris-finques-que-delimiten-amb-el-terme-municipal-de-rossell","status":"publish","type":"post","link":"https:\/\/lasenia.cat\/web\/2024\/12\/12\/informacio-propietaris-finques-que-delimiten-amb-el-terme-municipal-de-rossell\/","title":{"rendered":"INFORMACI\u00d3 PROPIETARIS FINQUES QUE DELIMITEN AMB EL TERME MUNICIPAL DE ROSSELL"},"content":{"rendered":"\n<p>\u201cD&#8217;acord amb el Decret 244\/2007, de 6 de novembre, pel qual es regula la constituci\u00f3 i la demarcaci\u00f3 territorial dels municipis, de les entitats municipals descentralitzades i de les mancomunitats de Catalunya, s&#8217;informa que el proper dia <strong>17 de desembre de 2024<\/strong>, <strong>a les 12.30 h, <\/strong>hi haur\u00e0 una reuni\u00f3 telem\u00e0tica per tal de continuar amb les operacions de delimitaci\u00f3 del terme entre <strong>Rossell i la S\u00e9nia<\/strong>.<\/p>\n\n\n\n<p>Es comunica als propietaris de les finques afectades que si \u00e9s del seu inter\u00e8s poden assistir a la reuni\u00f3 de forma presencial a l\u2019Ajuntament de la S\u00e9nia, on s\u2019habilitar\u00e0 una connexi\u00f3 telem\u00e0tica \u00fanica.\u201d<\/p>\n\n\n\n<p>L\u2019alcaldessa,<br>Maria Victoria Almuni Balada<\/p>\n","protected":false},"excerpt":{"rendered":"<p>\u201cD&#8217;acord amb el Decret 244\/2007, de 6 de novembre, pel qual es regula la constituci\u00f3 i la demarcaci\u00f3 territorial dels<\/p>\n","protected":false},"author":6,"featured_media":4268,"comment_status":"closed","ping_status":"closed","sticky":false,"template":"","format":"standard","meta":{"colormag_page_container_layout":"default_layout","colormag_page_sidebar_layout":"default_layout","footnotes":""},"categories":[119,2],"tags":[],"class_list":["post-6225","post","type-post","status-publish","format-standard","has-post-thumbnail","hentry","category-actualitat","category-ajuntament"],"_links":{"self":[{"href":"https:\/\/lasenia.cat\/web\/wp-json\/wp\/v2\/posts\/6225","targetHints":{"allow":["GET"]}}],"collection":[{"href":"https:\/\/lasenia.cat\/web\/wp-json\/wp\/v2\/posts"}],"about":[{"href":"https:\/\/lasenia.cat\/web\/wp-json\/wp\/v2\/types\/post"}],"author":[{"embeddable":true,"href":"https:\/\/lasenia.cat\/web\/wp-json\/wp\/v2\/users\/6"}],"replies":[{"embeddable":true,"href":"https:\/\/lasenia.cat\/web\/wp-json\/wp\/v2\/comments?post=6225"}],"version-history":[{"count":1,"href":"https:\/\/lasenia.cat\/web\/wp-json\/wp\/v2\/posts\/6225\/revisions"}],"predecessor-version":[{"id":6226,"href":"https:\/\/lasenia.cat\/web\/wp-json\/wp\/v2\/posts\/6225\/revisions\/6226"}],"wp:featuredmedia":[{"embeddable":true,"href":"https:\/\/lasenia.cat\/web\/wp-json\/wp\/v2\/media\/4268"}],"wp:attachment":[{"href":"https:\/\/lasenia.cat\/web\/wp-json\/wp\/v2\/media?parent=6225"}],"wp:term":[{"taxonomy":"category","embeddable":true,"href":"https:\/\/lasenia.cat\/web\/wp-json\/wp\/v2\/categories?post=6225"},{"taxonomy":"post_tag","embeddable":true,"href":"https:\/\/lasenia.cat\/web\/wp-json\/wp\/v2\/tags?post=6225"}],"curies":[{"name":"wp","href":"https:\/\/api.w.org\/{rel}","templated":true}]}}