{"id":573,"date":"2020-12-24T10:00:13","date_gmt":"2020-12-24T09:00:13","guid":{"rendered":"http:\/\/lasenia.cat\/web\/?p=573"},"modified":"2020-12-31T11:44:31","modified_gmt":"2020-12-31T10:44:31","slug":"lajuntament-de-la-senia-porta-a-ple-laprovacio-dels-pressupostos-municipals-2021","status":"publish","type":"post","link":"https:\/\/lasenia.cat\/web\/2020\/12\/24\/lajuntament-de-la-senia-porta-a-ple-laprovacio-dels-pressupostos-municipals-2021\/","title":{"rendered":"L\u2019Ajuntament de la S\u00e9nia porta a Ple l\u2019aprovaci\u00f3 dels pressupostos municipals 2021"},"content":{"rendered":"\n<p>El pr\u00f2xim 28 de desembre, l\u2019Ajuntament de la S\u00e9nia portar\u00e0 a aprovaci\u00f3 i debat el pressupost municipal per a l\u2019exercici 2021 que ascendeix a la quantitat de 5.147.854,30\u20ac. Aquest pressupost vol donar resposta a les necessitats provocades per la pand\u00e8mia de la Covid-19. Es tracta d\u2019un document basat en la necessitat sanit\u00e0ria, educativa i social, i basat en l\u2019austeritat i el control de la despesa p\u00fablica. L\u2019equip de govern busca l\u2019efic\u00e0cia en la gesti\u00f3 municipal per treure el m\u00e0xim rendiment als actius disponibles. En aquest sentit, destaca l\u2019increment en 147.000 euros destinats a les diferents l\u00ednies d\u2019ajuts per causes de la Covid-19, sobretot en ajudes a serveis socials, comer\u00e7, aut\u00f2noms i empreses.&nbsp;<\/p>\n\n\n\n<p>A m\u00e9s, al ple tamb\u00e9 es portar\u00e0 a aprovaci\u00f3 provisional el Pla d\u2019Ordenaci\u00f3 Urban\u00edstica Municipal, que va comen\u00e7ar el 2005 i ara arriba a la seva finalitzaci\u00f3.<\/p>\n","protected":false},"excerpt":{"rendered":"<p>El pr\u00f2xim 28 de desembre, l\u2019Ajuntament de la S\u00e9nia portar\u00e0 a aprovaci\u00f3 i debat el pressupost municipal per a l\u2019exercici<\/p>\n","protected":false},"author":1,"featured_media":0,"comment_status":"closed","ping_status":"closed","sticky":false,"template":"","format":"standard","meta":{"colormag_page_container_layout":"default_layout","colormag_page_sidebar_layout":"default_layout","footnotes":""},"categories":[1],"tags":[],"class_list":["post-573","post","type-post","status-publish","format-standard","hentry","category-general"],"_links":{"self":[{"href":"https:\/\/lasenia.cat\/web\/wp-json\/wp\/v2\/posts\/573","targetHints":{"allow":["GET"]}}],"collection":[{"href":"https:\/\/lasenia.cat\/web\/wp-json\/wp\/v2\/posts"}],"about":[{"href":"https:\/\/lasenia.cat\/web\/wp-json\/wp\/v2\/types\/post"}],"author":[{"embeddable":true,"href":"https:\/\/lasenia.cat\/web\/wp-json\/wp\/v2\/users\/1"}],"replies":[{"embeddable":true,"href":"https:\/\/lasenia.cat\/web\/wp-json\/wp\/v2\/comments?post=573"}],"version-history":[{"count":1,"href":"https:\/\/lasenia.cat\/web\/wp-json\/wp\/v2\/posts\/573\/revisions"}],"predecessor-version":[{"id":574,"href":"https:\/\/lasenia.cat\/web\/wp-json\/wp\/v2\/posts\/573\/revisions\/574"}],"wp:attachment":[{"href":"https:\/\/lasenia.cat\/web\/wp-json\/wp\/v2\/media?parent=573"}],"wp:term":[{"taxonomy":"category","embeddable":true,"href":"https:\/\/lasenia.cat\/web\/wp-json\/wp\/v2\/categories?post=573"},{"taxonomy":"post_tag","embeddable":true,"href":"https:\/\/lasenia.cat\/web\/wp-json\/wp\/v2\/tags?post=573"}],"curies":[{"name":"wp","href":"https:\/\/api.w.org\/{rel}","templated":true}]}}