{"id":567,"date":"2020-11-25T08:12:56","date_gmt":"2020-11-25T07:12:56","guid":{"rendered":"http:\/\/lasenia.cat\/web\/?p=567"},"modified":"2020-12-31T11:32:05","modified_gmt":"2020-12-31T10:32:05","slug":"25n-dia-contra-la-violencia-envers-les-dones","status":"publish","type":"post","link":"https:\/\/lasenia.cat\/web\/2020\/11\/25\/25n-dia-contra-la-violencia-envers-les-dones\/","title":{"rendered":"25N &#8211; Dia contra la viol\u00e8ncia envers les dones"},"content":{"rendered":"\n<p>L\u2019Ajuntament de la S\u00e9nia presenta la campanya 25-N organitzada amb motiu del Dia Internacional envers la viol\u00e8ncia contra les dones. La situaci\u00f3 actual no ens permet desenvolupar les activitats institucionals tal com ho hem fet durant els \u00faltims anys, per\u00f2 \u00e9s un tema molt important que no volem deixar de celebrar. Per tant, el format canvia, per\u00f2 el fons segueix intacte.<\/p>\n\n\n\n<p><strong>Lectura del Manifest 25N<\/strong><\/p>\n\n\n\n<p>Les diferents institucions tant auton\u00f2miques com de l\u2019estat aborden el problema de l\u2019eradicaci\u00f3 de les viol\u00e8ncies masclistes consensuant un manifest de sensibilitzaci\u00f3 per tal de fer m\u00e9s visibles aquest tipus de problem\u00e0tica. En el cas de l\u2019Ajuntament de la S\u00e9nia, aquest Manifest es llegir\u00e0 de forma virtual per part de la regidora de l\u2019\u00e0rea de les persones Alma Gimeno.<\/p>\n\n\n\n<p><strong>Minut de silenci<\/strong><\/p>\n\n\n\n<p>Com us avan\u00e7\u00e0vem anteriorment, el minut de silenci en suport a les dones que tenen problemes de viol\u00e8ncia masclista, l\u2019Ajuntament proposa un \u201cminut de silenci no presencial\u201d a les 12 del migdia. Es tracta d\u2019un moment emotiu que, tot i la pand\u00e8mia, no volem deixar de celebrar. Esperem la col\u00b7laboraci\u00f3 d\u2019empreses, col\u00b7lectius i particulars que hi vulguin participar.<\/p>\n\n\n\n<p><strong>Balcons liles<\/strong><\/p>\n\n\n\n<p>Una de les reivindicacions visuals d\u2019aquest any seran els \u201cbalcons liles\u201d. En l\u00ednia amb l\u2019Institut Catal\u00e0 de les Dones, s\u2019anima als i les participants a il\u00b7luminar de lila el balc\u00f3 o finestra. La idea \u00e9s realitzar un recull de fotos amb aquests balcons i fer-ne una publicaci\u00f3 a les xarxes de l\u2019Ajuntament. Us podeu adherir a la campanya mitjan\u00e7ant les xarxes socials de l\u2019ICD amb el hashtag #Manifest25N a&nbsp;<a href=\"https:\/\/twitter.com\/icdones\">Twitter<\/a>,&nbsp;<a href=\"https:\/\/www.facebook.com\/icdones\">Facebook<\/a>&nbsp;i&nbsp;<a href=\"https:\/\/www.instagram.com\/icdones\/\">Instagam<\/a><strong>.<\/strong>&nbsp;<\/p>\n\n\n\n<p><strong>Microrelats de l\u2019Institut de la S\u00e9nia<\/strong><\/p>\n\n\n\n<p>El 25N \u00e9s ja una data assenyalada per totes les alumnes de l\u2019Institut de la S\u00e9nia. En aquesta ocasi\u00f3, els microrelats recreen situacions de parella que superen conductes estereotipades de poder i control per part de l\u2019home, i de submissi\u00f3 per part de la dona. Un bon exercici de reflexi\u00f3 que cada any crea moments molt interessants de la ma de totes i tots els que hi participen.<\/p>\n\n\n\n<p><a href=\"http:\/\/www.lasenia.cat\/html\/images\/manifest-25n-2020.pdf\">LLEGIR EL MANIFEST<\/a><\/p>\n","protected":false},"excerpt":{"rendered":"<p>L\u2019Ajuntament de la S\u00e9nia presenta la campanya 25-N organitzada amb motiu del Dia Internacional envers la viol\u00e8ncia contra les dones.<\/p>\n","protected":false},"author":1,"featured_media":518,"comment_status":"closed","ping_status":"closed","sticky":false,"template":"","format":"standard","meta":{"colormag_page_container_layout":"default_layout","colormag_page_sidebar_layout":"default_layout","footnotes":""},"categories":[1],"tags":[],"class_list":["post-567","post","type-post","status-publish","format-standard","has-post-thumbnail","hentry","category-general"],"_links":{"self":[{"href":"https:\/\/lasenia.cat\/web\/wp-json\/wp\/v2\/posts\/567","targetHints":{"allow":["GET"]}}],"collection":[{"href":"https:\/\/lasenia.cat\/web\/wp-json\/wp\/v2\/posts"}],"about":[{"href":"https:\/\/lasenia.cat\/web\/wp-json\/wp\/v2\/types\/post"}],"author":[{"embeddable":true,"href":"https:\/\/lasenia.cat\/web\/wp-json\/wp\/v2\/users\/1"}],"replies":[{"embeddable":true,"href":"https:\/\/lasenia.cat\/web\/wp-json\/wp\/v2\/comments?post=567"}],"version-history":[{"count":2,"href":"https:\/\/lasenia.cat\/web\/wp-json\/wp\/v2\/posts\/567\/revisions"}],"predecessor-version":[{"id":576,"href":"https:\/\/lasenia.cat\/web\/wp-json\/wp\/v2\/posts\/567\/revisions\/576"}],"wp:featuredmedia":[{"embeddable":true,"href":"https:\/\/lasenia.cat\/web\/wp-json\/wp\/v2\/media\/518"}],"wp:attachment":[{"href":"https:\/\/lasenia.cat\/web\/wp-json\/wp\/v2\/media?parent=567"}],"wp:term":[{"taxonomy":"category","embeddable":true,"href":"https:\/\/lasenia.cat\/web\/wp-json\/wp\/v2\/categories?post=567"},{"taxonomy":"post_tag","embeddable":true,"href":"https:\/\/lasenia.cat\/web\/wp-json\/wp\/v2\/tags?post=567"}],"curies":[{"name":"wp","href":"https:\/\/api.w.org\/{rel}","templated":true}]}}