{"id":5095,"date":"2024-05-16T15:35:23","date_gmt":"2024-05-16T14:35:23","guid":{"rendered":"https:\/\/lasenia.cat\/web\/?p=5095"},"modified":"2024-05-16T15:37:03","modified_gmt":"2024-05-16T14:37:03","slug":"camins-segurs-a-lescola-un-projecte-de-mobilitat-segura-per-a-les-xiquetes-i-xiquets-del-nostre-poble","status":"publish","type":"post","link":"https:\/\/lasenia.cat\/web\/2024\/05\/16\/camins-segurs-a-lescola-un-projecte-de-mobilitat-segura-per-a-les-xiquetes-i-xiquets-del-nostre-poble\/","title":{"rendered":"\u201cCamins segurs a l\u2019escola\u201d, un projecte de mobilitat segura per a les xiquetes i xiquets del nostre poble."},"content":{"rendered":"\n<p>El passat dimarts 14 de maig, la regidora d\u2019Educaci\u00f3 i el Cap de la Policia Local, vam presentar el projecte \u201cCamins segurs a l\u2019escola\u201d, un projecte de mobilitat segura per a les xiquetes i xiquets del nostre poble.<\/p>\n\n\n\n<p>Ho vam fer, en primer lloc, a l\u2019escola Maria Jes\u00fas Ort\u00ed Abella perqu\u00e8 des de la Comissi\u00f3 d\u2019Escola Verda volen treballar la mobilitat sostenible. Continuarem amb l\u2019Institut de la S\u00e9nia i la Llar d\u2019Infants Municipal per tal d\u2019aconseguir els seg\u00fcents objectius:<\/p>\n\n\n\n<ul class=\"wp-block-list\">\n<li>Establir mecanismes per recuperar l\u2019espai p\u00fablic<\/li>\n\n\n\n<li>Promoure l\u2019autonomia dels infants en els despla\u00e7aments als centres educatius<\/li>\n\n\n\n<li>Fomentar la salut p\u00fablica anant a peu o en bicicleta<\/li>\n\n\n\n<li>Regular la mobilitat de cotxes i vianants<\/li>\n<\/ul>\n\n\n\n<figure class=\"wp-block-gallery has-nested-images columns-default is-cropped wp-block-gallery-1 is-layout-flex wp-block-gallery-is-layout-flex\">\n<figure class=\"wp-block-image size-large\"><img loading=\"lazy\" decoding=\"async\" width=\"1024\" height=\"683\" data-id=\"5097\" src=\"https:\/\/lasenia.cat\/web\/wp-content\/uploads\/2024\/05\/22-1024x683.png\" alt=\"\" class=\"wp-image-5097\" srcset=\"https:\/\/lasenia.cat\/web\/wp-content\/uploads\/2024\/05\/22-1024x683.png 1024w, https:\/\/lasenia.cat\/web\/wp-content\/uploads\/2024\/05\/22-300x200.png 300w, https:\/\/lasenia.cat\/web\/wp-content\/uploads\/2024\/05\/22-768x512.png 768w, https:\/\/lasenia.cat\/web\/wp-content\/uploads\/2024\/05\/22-1536x1024.png 1536w, https:\/\/lasenia.cat\/web\/wp-content\/uploads\/2024\/05\/22.png 2048w\" sizes=\"auto, (max-width: 1024px) 100vw, 1024px\" \/><\/figure>\n\n\n\n<figure class=\"wp-block-image size-large\"><img loading=\"lazy\" decoding=\"async\" width=\"1024\" height=\"683\" data-id=\"5099\" src=\"https:\/\/lasenia.cat\/web\/wp-content\/uploads\/2024\/05\/21-1024x683.png\" alt=\"\" class=\"wp-image-5099\" srcset=\"https:\/\/lasenia.cat\/web\/wp-content\/uploads\/2024\/05\/21-1024x683.png 1024w, https:\/\/lasenia.cat\/web\/wp-content\/uploads\/2024\/05\/21-300x200.png 300w, https:\/\/lasenia.cat\/web\/wp-content\/uploads\/2024\/05\/21-768x512.png 768w, https:\/\/lasenia.cat\/web\/wp-content\/uploads\/2024\/05\/21-1536x1024.png 1536w, https:\/\/lasenia.cat\/web\/wp-content\/uploads\/2024\/05\/21.png 2048w\" sizes=\"auto, (max-width: 1024px) 100vw, 1024px\" \/><\/figure>\n\n\n\n<figure class=\"wp-block-image size-large\"><img loading=\"lazy\" decoding=\"async\" width=\"1024\" height=\"683\" data-id=\"5098\" src=\"https:\/\/lasenia.cat\/web\/wp-content\/uploads\/2024\/05\/20-1024x683.png\" alt=\"\" class=\"wp-image-5098\" srcset=\"https:\/\/lasenia.cat\/web\/wp-content\/uploads\/2024\/05\/20-1024x683.png 1024w, https:\/\/lasenia.cat\/web\/wp-content\/uploads\/2024\/05\/20-300x200.png 300w, https:\/\/lasenia.cat\/web\/wp-content\/uploads\/2024\/05\/20-768x512.png 768w, https:\/\/lasenia.cat\/web\/wp-content\/uploads\/2024\/05\/20-1536x1024.png 1536w, https:\/\/lasenia.cat\/web\/wp-content\/uploads\/2024\/05\/20.png 2048w\" sizes=\"auto, (max-width: 1024px) 100vw, 1024px\" \/><\/figure>\n<\/figure>\n","protected":false},"excerpt":{"rendered":"<p>El passat dimarts 14 de maig, la regidora d\u2019Educaci\u00f3 i el Cap de la Policia Local, vam presentar el projecte<\/p>\n","protected":false},"author":6,"featured_media":5096,"comment_status":"closed","ping_status":"closed","sticky":false,"template":"","format":"standard","meta":{"colormag_page_container_layout":"default_layout","colormag_page_sidebar_layout":"default_layout","footnotes":""},"categories":[27],"tags":[],"class_list":["post-5095","post","type-post","status-publish","format-standard","has-post-thumbnail","hentry","category-ensenyament"],"_links":{"self":[{"href":"https:\/\/lasenia.cat\/web\/wp-json\/wp\/v2\/posts\/5095","targetHints":{"allow":["GET"]}}],"collection":[{"href":"https:\/\/lasenia.cat\/web\/wp-json\/wp\/v2\/posts"}],"about":[{"href":"https:\/\/lasenia.cat\/web\/wp-json\/wp\/v2\/types\/post"}],"author":[{"embeddable":true,"href":"https:\/\/lasenia.cat\/web\/wp-json\/wp\/v2\/users\/6"}],"replies":[{"embeddable":true,"href":"https:\/\/lasenia.cat\/web\/wp-json\/wp\/v2\/comments?post=5095"}],"version-history":[{"count":1,"href":"https:\/\/lasenia.cat\/web\/wp-json\/wp\/v2\/posts\/5095\/revisions"}],"predecessor-version":[{"id":5100,"href":"https:\/\/lasenia.cat\/web\/wp-json\/wp\/v2\/posts\/5095\/revisions\/5100"}],"wp:featuredmedia":[{"embeddable":true,"href":"https:\/\/lasenia.cat\/web\/wp-json\/wp\/v2\/media\/5096"}],"wp:attachment":[{"href":"https:\/\/lasenia.cat\/web\/wp-json\/wp\/v2\/media?parent=5095"}],"wp:term":[{"taxonomy":"category","embeddable":true,"href":"https:\/\/lasenia.cat\/web\/wp-json\/wp\/v2\/categories?post=5095"},{"taxonomy":"post_tag","embeddable":true,"href":"https:\/\/lasenia.cat\/web\/wp-json\/wp\/v2\/tags?post=5095"}],"curies":[{"name":"wp","href":"https:\/\/api.w.org\/{rel}","templated":true}]}}