{"id":5036,"date":"2024-04-26T16:05:27","date_gmt":"2024-04-26T15:05:27","guid":{"rendered":"https:\/\/lasenia.cat\/web\/?p=5036"},"modified":"2024-04-26T16:08:58","modified_gmt":"2024-04-26T15:08:58","slug":"curses-de-cavalls-fira-gastronomica-2024","status":"publish","type":"post","link":"https:\/\/lasenia.cat\/web\/2024\/04\/26\/curses-de-cavalls-fira-gastronomica-2024\/","title":{"rendered":"Curses de cavalls &#8211; Fira Gastron\u00f2mica 2024"},"content":{"rendered":"\n<p>Curses de cavalls amb motiu de la 20 Fira Gastron\u00f2mica a la S\u00e9nia. Seguidament trobareu tota la informaci\u00f3 i els impresos necessaris en cas que us hi vulgueu inscriure com a genets participants.<\/p>\n\n\n\n<p><a href=\"https:\/\/lasenia.cat\/web\/wp-content\/uploads\/2023\/04\/INSCRIPCIO-CURSES-DE-CAVALLS-FIRA-2023.docx\">PROGRAMA CURSES<\/a><a href=\"https:\/\/lasenia.cat\/web\/wp-content\/uploads\/2024\/04\/Programa-curses-juniors-i-aficionats-Fira-24.pdf\"> JUNIOR I AFICIONATS <\/a><\/p>\n\n\n\n<p><a href=\"https:\/\/lasenia.cat\/web\/wp-content\/uploads\/2024\/04\/AUTORITZACIO-PER-A-MENORS.docx\" data-type=\"link\" data-id=\"https:\/\/lasenia.cat\/web\/wp-content\/uploads\/2024\/04\/AUTORITZACIO-PER-A-MENORS.docx\">AUTORITZACI\u00d3 PER A MENORS<\/a><\/p>\n\n\n\n<p><a href=\"https:\/\/lasenia.cat\/web\/wp-content\/uploads\/2024\/04\/INSCRIPCIO-CURSES-DE-CAVALLS-FIRA-2024.docx\">INSCRIPCI\u00d3 CURSES <\/a><\/p>\n\n\n\n<p><\/p>\n\n\n\n<p><\/p>\n\n\n\n<figure class=\"wp-block-image size-large\"><img loading=\"lazy\" decoding=\"async\" width=\"724\" height=\"1024\" src=\"https:\/\/lasenia.cat\/web\/wp-content\/uploads\/2024\/04\/Cavalls-Fira-Gastronomica-2024-1-1-724x1024.png\" alt=\"\" class=\"wp-image-5037\" srcset=\"https:\/\/lasenia.cat\/web\/wp-content\/uploads\/2024\/04\/Cavalls-Fira-Gastronomica-2024-1-1-724x1024.png 724w, https:\/\/lasenia.cat\/web\/wp-content\/uploads\/2024\/04\/Cavalls-Fira-Gastronomica-2024-1-1-212x300.png 212w, https:\/\/lasenia.cat\/web\/wp-content\/uploads\/2024\/04\/Cavalls-Fira-Gastronomica-2024-1-1-768x1086.png 768w, https:\/\/lasenia.cat\/web\/wp-content\/uploads\/2024\/04\/Cavalls-Fira-Gastronomica-2024-1-1-1086x1536.png 1086w, https:\/\/lasenia.cat\/web\/wp-content\/uploads\/2024\/04\/Cavalls-Fira-Gastronomica-2024-1-1.png 1414w\" sizes=\"auto, (max-width: 724px) 100vw, 724px\" \/><\/figure>\n","protected":false},"excerpt":{"rendered":"<p>Curses de cavalls amb motiu de la 20 Fira Gastron\u00f2mica a la S\u00e9nia. Seguidament trobareu tota la informaci\u00f3 i els<\/p>\n","protected":false},"author":6,"featured_media":5037,"comment_status":"closed","ping_status":"closed","sticky":false,"template":"","format":"standard","meta":{"colormag_page_container_layout":"default_layout","colormag_page_sidebar_layout":"default_layout","footnotes":""},"categories":[19],"tags":[],"class_list":["post-5036","post","type-post","status-publish","format-standard","has-post-thumbnail","hentry","category-gastronomica"],"_links":{"self":[{"href":"https:\/\/lasenia.cat\/web\/wp-json\/wp\/v2\/posts\/5036","targetHints":{"allow":["GET"]}}],"collection":[{"href":"https:\/\/lasenia.cat\/web\/wp-json\/wp\/v2\/posts"}],"about":[{"href":"https:\/\/lasenia.cat\/web\/wp-json\/wp\/v2\/types\/post"}],"author":[{"embeddable":true,"href":"https:\/\/lasenia.cat\/web\/wp-json\/wp\/v2\/users\/6"}],"replies":[{"embeddable":true,"href":"https:\/\/lasenia.cat\/web\/wp-json\/wp\/v2\/comments?post=5036"}],"version-history":[{"count":2,"href":"https:\/\/lasenia.cat\/web\/wp-json\/wp\/v2\/posts\/5036\/revisions"}],"predecessor-version":[{"id":5043,"href":"https:\/\/lasenia.cat\/web\/wp-json\/wp\/v2\/posts\/5036\/revisions\/5043"}],"wp:featuredmedia":[{"embeddable":true,"href":"https:\/\/lasenia.cat\/web\/wp-json\/wp\/v2\/media\/5037"}],"wp:attachment":[{"href":"https:\/\/lasenia.cat\/web\/wp-json\/wp\/v2\/media?parent=5036"}],"wp:term":[{"taxonomy":"category","embeddable":true,"href":"https:\/\/lasenia.cat\/web\/wp-json\/wp\/v2\/categories?post=5036"},{"taxonomy":"post_tag","embeddable":true,"href":"https:\/\/lasenia.cat\/web\/wp-json\/wp\/v2\/tags?post=5036"}],"curies":[{"name":"wp","href":"https:\/\/api.w.org\/{rel}","templated":true}]}}