{"id":4270,"date":"2023-11-14T15:26:54","date_gmt":"2023-11-14T14:26:54","guid":{"rendered":"https:\/\/lasenia.cat\/web\/?p=4270"},"modified":"2023-11-14T15:26:54","modified_gmt":"2023-11-14T14:26:54","slug":"i-jornades-de-memoria-democratica-a-la-senia","status":"publish","type":"post","link":"https:\/\/lasenia.cat\/web\/2023\/11\/14\/i-jornades-de-memoria-democratica-a-la-senia\/","title":{"rendered":"I JORNADES DE MEM\u00d2RIA DEMOCR\u00c0TICA A LA S\u00c9NIA"},"content":{"rendered":"\n<p><a href=\"https:\/\/lasenia.cat\/web\/wp-content\/uploads\/2023\/11\/I-jornades-memoria-democratica-2023.png\" data-type=\"link\" data-id=\"https:\/\/lasenia.cat\/web\/wp-content\/uploads\/2023\/11\/I-jornades-memoria-democratica-2023.png\">PROGRAMACI\u00d3 COMPLETA AQU\u00cd<\/a><\/p>\n\n\n\n<p>El dissabte 18 de novembre marca l&#8217;inici de les Primeres Jornades de Mem\u00f2ria Democr\u00e0tica a La S\u00e9nia, una iniciativa que busca apropar-se al passat recent amb l&#8217;objectiu de mantenir viva la flama dels valors democr\u00e0tics que han marcat la hist\u00f2ria de la localitat.<\/p>\n\n\n\n<p>Les jornades, organitzades per l&#8217;Ajuntament de La S\u00e9nia amb la col\u00b7laboraci\u00f3 de diverses entitats locals i territorials, compten amb un programa diversificat d&#8217;activitats per commemorar el passat democr\u00e0tic del territori.<\/p>\n\n\n\n<p>La inauguraci\u00f3 a c\u00e0rrec de Llu\u00eds Montull, director territorial de Just\u00edcia de la Generalitat de Catalunya, que presentar\u00e0 tamb\u00e9 el projecte <em>Stolpersteine<\/em> a La S\u00e9nia, se celebrar\u00e0 el pr\u00f2xim 18 de novembre a les 17:00 h a la Sala 1 d&#8217;octubre de la Casa de Cultura de la S\u00e9nia.<\/p>\n\n\n\n<p>A les &nbsp;17:30 h, Joan Baptista Beltran Revert\u00e9 compartir\u00e0 coneixements sobre els deportats del Montsi\u00e0, seguit de la projecci\u00f3 del documental &#8220;La llibreta del Dr. Gras&#8221; a les 18:30 h, amb un col\u00b7loqui amb els directors J\u00falia Albacar, David Barrera i Andreu Prunera.<\/p>\n\n\n\n<p>Les activitats del dissabte culminaran amb una actuaci\u00f3 musical a c\u00e0rrec del Grup Tibetium a les 19:30 h.<\/p>\n\n\n\n<p>El diumenge 19 de novembre, a les 10:30 h, la historiadora i gestora cultural Eva Garcia dirigir\u00e0 una visita guiada recomanada a partir dels 12 anys sobre <em>&#8220;Fets i gent de la Guerra Civil de la S\u00e9nia\u201d,<\/em> amb punt de partida a la Pla\u00e7a Major.<\/p>\n\n\n\n<p>La segona setmana d&#8217;activitats, el dissabte 25 de novembre, el Centre d&#8217;Aviaci\u00f3 Hist\u00f2rica de La S\u00e9nia obrir\u00e0 les portes amb una jornada plena d&#8217;activitats, incloent-hi presentacions dels projectes locals, sessions al simulador de vol, tallers pr\u00e0ctics i una xerrada col\u00b7loqui sobre <em>&#8220;L&#8217;Aviaci\u00f3 a l&#8217;abril del 38&#8221; <\/em>a les 17:00 h, a c\u00e0rrec de Carlos Mallench Sanz.<\/p>\n\n\n\n<p>El diumenge 26 de novembre, els participants tindran l&#8217;oportunitat d\u2019explorar el Camp d&#8217;Aviaci\u00f3 de la S\u00e9nia amb una visita guiada a les 11 h, seguida d&#8217;un reconeixement a Josep S\u00e0nchez Cervell\u00f3, autor dels textos del camp i especialista en Hist\u00f2ria Contempor\u00e0nia de les Terres de l\u2019Ebre , i la projecci\u00f3 del documental <em>&#8220;Entre dos fronts&#8221;<\/em> amb col\u00b7loqui amb els autors a les 12:30 h.<\/p>\n\n\n\n<p>Per concloure les jornades, el dimecres 29 de novembre a les 19:30 h, Joan Mart\u00ednez Tom\u00e0s, arque\u00f2leg territorial del Departament de Cultura, oferir\u00e0 una xerrada sobre <em>&#8220;Arqueologia i Guerra Civil a les Terres de l&#8217;Ebre&#8221; <\/em>a la Sala 1 d&#8217;octubre de la Sala de la Casa de Cultura de la S\u00e9nia.<\/p>\n\n\n\n<p>Dins del marc de les jornades, s&#8217;afegir\u00e0 l&#8217;activitat <em>&#8220;Murs amb records. Mem\u00f2ria del silenci,&#8221;<\/em> una exposici\u00f3 sobre grafits de la Guerra Civil a l&#8217;Ebre, produ\u00efda pel COMEBE. L\u2019exposici\u00f3 es podr\u00e0 visitar a la Sala Central del Centre Marcel\u00b7l\u00ed Domingo, des del 14 de desembre fins al 14 de gener de 2024.<\/p>\n\n\n\n<p>Aquesta iniciativa, amb una combinaci\u00f3 de continguts locals i territorials, busca ser un espai de conflu\u00e8ncia per aquelles persones interessades a aprofundir en el coneixement i la reflexi\u00f3 sobre la lluita democr\u00e0tica, especialment al llarg del segle XX. Les jornades tenen l&#8217;objectiu de continuar en el futur, mantenint viva la flama dels valors democr\u00e0tics que han estat la for\u00e7a motriu de moltes persones al llarg de la hist\u00f2ria.<\/p>\n\n\n\n<p>A m\u00e9s a m\u00e9s, aquestes jornades compten amb la col\u00b7laboraci\u00f3 del Centre d&#8217;Estudis Seniencs, el Govern Territorial de Just\u00edcia i Cultura a les Terres de l\u2019Ebre, el Departament de Cultura de la Generalitat de Catalunya, el Campus Extens de la URV, la Diputaci\u00f3 de Tarragona, la Biblioteca Pere Montcada de la S\u00e9nia, el Centre d&#8217;Aviaci\u00f3 de la S\u00e9nia i el CAHS (Centre d\u2019Aviaci\u00f3 Hist\u00f2rica de la S\u00e9nia) i el suport de l\u2019Espai de Reflexi\u00f3 de la S\u00e9nia.<\/p>\n","protected":false},"excerpt":{"rendered":"<p>PROGRAMACI\u00d3 COMPLETA AQU\u00cd El dissabte 18 de novembre marca l&#8217;inici de les Primeres Jornades de Mem\u00f2ria Democr\u00e0tica a La S\u00e9nia,<\/p>\n","protected":false},"author":6,"featured_media":4273,"comment_status":"closed","ping_status":"","sticky":false,"template":"","format":"standard","meta":{"colormag_page_container_layout":"default_layout","colormag_page_sidebar_layout":"default_layout","footnotes":""},"categories":[30],"tags":[],"class_list":["post-4270","post","type-post","status-publish","format-standard","has-post-thumbnail","hentry","category-cultura"],"_links":{"self":[{"href":"https:\/\/lasenia.cat\/web\/wp-json\/wp\/v2\/posts\/4270","targetHints":{"allow":["GET"]}}],"collection":[{"href":"https:\/\/lasenia.cat\/web\/wp-json\/wp\/v2\/posts"}],"about":[{"href":"https:\/\/lasenia.cat\/web\/wp-json\/wp\/v2\/types\/post"}],"author":[{"embeddable":true,"href":"https:\/\/lasenia.cat\/web\/wp-json\/wp\/v2\/users\/6"}],"replies":[{"embeddable":true,"href":"https:\/\/lasenia.cat\/web\/wp-json\/wp\/v2\/comments?post=4270"}],"version-history":[{"count":1,"href":"https:\/\/lasenia.cat\/web\/wp-json\/wp\/v2\/posts\/4270\/revisions"}],"predecessor-version":[{"id":4274,"href":"https:\/\/lasenia.cat\/web\/wp-json\/wp\/v2\/posts\/4270\/revisions\/4274"}],"wp:featuredmedia":[{"embeddable":true,"href":"https:\/\/lasenia.cat\/web\/wp-json\/wp\/v2\/media\/4273"}],"wp:attachment":[{"href":"https:\/\/lasenia.cat\/web\/wp-json\/wp\/v2\/media?parent=4270"}],"wp:term":[{"taxonomy":"category","embeddable":true,"href":"https:\/\/lasenia.cat\/web\/wp-json\/wp\/v2\/categories?post=4270"},{"taxonomy":"post_tag","embeddable":true,"href":"https:\/\/lasenia.cat\/web\/wp-json\/wp\/v2\/tags?post=4270"}],"curies":[{"name":"wp","href":"https:\/\/api.w.org\/{rel}","templated":true}]}}