{"id":4087,"date":"2023-10-03T07:08:17","date_gmt":"2023-10-03T06:08:17","guid":{"rendered":"https:\/\/lasenia.cat\/web\/?p=4087"},"modified":"2023-10-04T07:27:32","modified_gmt":"2023-10-04T06:27:32","slug":"anunci-3","status":"publish","type":"post","link":"https:\/\/lasenia.cat\/web\/2023\/10\/03\/anunci-3\/","title":{"rendered":"Anunci:"},"content":{"rendered":"\n<p>Es fa p\u00fablic per a general coneixement que el \u201cProjecte executiu de renovaci\u00f3 de canonades<br>de fibrociment, escomeses i v\u00e0lvules de regulaci\u00f3 a la xarxa de distribuci\u00f3 d\u2019aigua potable\u201d,<br>es va aprovar inicialment mitjan\u00e7ant Resoluci\u00f3 d\u2019Alcaldia n\u00famero 2023-0793, de data 26 de<br>juliol de 2023, va estar exposat al p\u00fablic, en la web municipal i en el Butllet\u00ed Oficial de la<br>Prov\u00edncia de data 31\/07\/2023 i CVE 2023-06835, durant el termini de 30 dies naturals, i que<br>durant aquest termini no es van presentar observacions ni al\u00b7legacions al projecte.<br>Amb data 21 de setembre i mitjan\u00e7ant decret d\u2019Alcaldia n\u00famero 2023-0986 es va aprovar el<br>projecte definitivament, la qual cosa es fa p\u00fablica a l\u2019efecte del que preveu l\u2019article 38.2 del<br>Reglament d\u2019Obres, Activitats i Serveis dels ens locals, aprovat per Decret 179\/1995, de 13<br>de juny i disposicions concordants.<\/p>\n\n\n\n<p>poden consultar l&#8217;anunci complert <a href=\"https:\/\/lasenia.cat\/web\/wp-content\/uploads\/2023\/10\/anunci_BOPTprojecte.pdf\" data-type=\"link\" data-id=\"https:\/\/lasenia.cat\/web\/wp-content\/uploads\/2023\/10\/anunci_BOPTprojecte.pdf\" target=\"_blank\" rel=\"noreferrer noopener\">AQUI<\/a><\/p>\n\n\n\n<figure class=\"wp-block-gallery has-nested-images columns-default is-cropped wp-block-gallery-1 is-layout-flex wp-block-gallery-is-layout-flex\"><\/figure>\n","protected":false},"excerpt":{"rendered":"<p>Es fa p\u00fablic per a general coneixement que el \u201cProjecte executiu de renovaci\u00f3 de canonadesde fibrociment, escomeses i v\u00e0lvules de<\/p>\n","protected":false},"author":1,"featured_media":0,"comment_status":"closed","ping_status":"closed","sticky":false,"template":"","format":"standard","meta":{"colormag_page_container_layout":"default_layout","colormag_page_sidebar_layout":"default_layout","footnotes":""},"categories":[119,2],"tags":[],"class_list":["post-4087","post","type-post","status-publish","format-standard","hentry","category-actualitat","category-ajuntament"],"_links":{"self":[{"href":"https:\/\/lasenia.cat\/web\/wp-json\/wp\/v2\/posts\/4087","targetHints":{"allow":["GET"]}}],"collection":[{"href":"https:\/\/lasenia.cat\/web\/wp-json\/wp\/v2\/posts"}],"about":[{"href":"https:\/\/lasenia.cat\/web\/wp-json\/wp\/v2\/types\/post"}],"author":[{"embeddable":true,"href":"https:\/\/lasenia.cat\/web\/wp-json\/wp\/v2\/users\/1"}],"replies":[{"embeddable":true,"href":"https:\/\/lasenia.cat\/web\/wp-json\/wp\/v2\/comments?post=4087"}],"version-history":[{"count":3,"href":"https:\/\/lasenia.cat\/web\/wp-json\/wp\/v2\/posts\/4087\/revisions"}],"predecessor-version":[{"id":4091,"href":"https:\/\/lasenia.cat\/web\/wp-json\/wp\/v2\/posts\/4087\/revisions\/4091"}],"wp:attachment":[{"href":"https:\/\/lasenia.cat\/web\/wp-json\/wp\/v2\/media?parent=4087"}],"wp:term":[{"taxonomy":"category","embeddable":true,"href":"https:\/\/lasenia.cat\/web\/wp-json\/wp\/v2\/categories?post=4087"},{"taxonomy":"post_tag","embeddable":true,"href":"https:\/\/lasenia.cat\/web\/wp-json\/wp\/v2\/tags?post=4087"}],"curies":[{"name":"wp","href":"https:\/\/api.w.org\/{rel}","templated":true}]}}