{"id":3308,"date":"2023-03-21T18:03:57","date_gmt":"2023-03-21T17:03:57","guid":{"rendered":"http:\/\/lasenia.cat\/web\/?p=3308"},"modified":"2023-03-21T18:03:59","modified_gmt":"2023-03-21T17:03:59","slug":"aprovacio-projecte-arranjament-de-camins","status":"publish","type":"post","link":"https:\/\/lasenia.cat\/web\/2023\/03\/21\/aprovacio-projecte-arranjament-de-camins\/","title":{"rendered":"Aprovaci\u00f3 projecte arranjament de camins"},"content":{"rendered":"\n<p>Es fa p\u00fablic per a general coneixement que per Resoluci\u00f3 d\u2019Alcaldia n\u00fam. 2022-1231 de data 29\/12\/2022 s\u2019acord\u00e0 aprovar inicialment el \u201cProjecte d\u2019arranjament de camins i els seus elements de contenci\u00f3 afectats pel temporal de pluges del novembre de 2021 ( borrasca Blas ), a la S\u00e9nia (Montsi\u00e0, Tarragona)\u201d , anunci que es public\u00e0 per un termini de 30 dies naturals, en el Butllet\u00ed Oficial de la Prov\u00edncia de Tarragona amb refer\u00e8ncia 2023-00157 , a la seu electr\u00f2nica i en el lloc web de l\u2019Ajuntament de la S\u00e9nia. Una vegada exhaurit el termini d\u2019exposici\u00f3, es fa constar que no s\u2019han presentat al\u00b7legacions en relaci\u00f3 al mateix, motiu pel qual, de conformitat amb l\u2019acord esmentat el projecte resta aprovat definitivament sense necessitat de nou acord.<\/p>\n","protected":false},"excerpt":{"rendered":"<p>Es fa p\u00fablic per a general coneixement que per Resoluci\u00f3 d\u2019Alcaldia n\u00fam. 2022-1231 de data 29\/12\/2022 s\u2019acord\u00e0 aprovar inicialment el<\/p>\n","protected":false},"author":1,"featured_media":0,"comment_status":"closed","ping_status":"closed","sticky":false,"template":"","format":"standard","meta":{"colormag_page_container_layout":"no_sidebar_full_width","colormag_page_sidebar_layout":"no_sidebar","footnotes":""},"categories":[1],"tags":[],"class_list":["post-3308","post","type-post","status-publish","format-standard","hentry","category-general"],"_links":{"self":[{"href":"https:\/\/lasenia.cat\/web\/wp-json\/wp\/v2\/posts\/3308","targetHints":{"allow":["GET"]}}],"collection":[{"href":"https:\/\/lasenia.cat\/web\/wp-json\/wp\/v2\/posts"}],"about":[{"href":"https:\/\/lasenia.cat\/web\/wp-json\/wp\/v2\/types\/post"}],"author":[{"embeddable":true,"href":"https:\/\/lasenia.cat\/web\/wp-json\/wp\/v2\/users\/1"}],"replies":[{"embeddable":true,"href":"https:\/\/lasenia.cat\/web\/wp-json\/wp\/v2\/comments?post=3308"}],"version-history":[{"count":1,"href":"https:\/\/lasenia.cat\/web\/wp-json\/wp\/v2\/posts\/3308\/revisions"}],"predecessor-version":[{"id":3309,"href":"https:\/\/lasenia.cat\/web\/wp-json\/wp\/v2\/posts\/3308\/revisions\/3309"}],"wp:attachment":[{"href":"https:\/\/lasenia.cat\/web\/wp-json\/wp\/v2\/media?parent=3308"}],"wp:term":[{"taxonomy":"category","embeddable":true,"href":"https:\/\/lasenia.cat\/web\/wp-json\/wp\/v2\/categories?post=3308"},{"taxonomy":"post_tag","embeddable":true,"href":"https:\/\/lasenia.cat\/web\/wp-json\/wp\/v2\/tags?post=3308"}],"curies":[{"name":"wp","href":"https:\/\/api.w.org\/{rel}","templated":true}]}}