{"id":3254,"date":"2023-03-02T23:31:37","date_gmt":"2023-03-02T22:31:37","guid":{"rendered":"http:\/\/lasenia.cat\/web\/?p=3254"},"modified":"2023-03-02T23:33:16","modified_gmt":"2023-03-02T22:33:16","slug":"projecte-executiu-de-millora-de-la-biodiversitat","status":"publish","type":"post","link":"https:\/\/lasenia.cat\/web\/2023\/03\/02\/projecte-executiu-de-millora-de-la-biodiversitat\/","title":{"rendered":"Projecte executiu de millora de la biodiversitat"},"content":{"rendered":"\n<p>Aprovat inicialment el &#8220;Projecte executiu de millora de la biodiversitat, recuperaci\u00f3 paisatg\u00edstica i ordenaci\u00f3 d\u2019accessos al riu S\u00e9nia (TM de la S\u00e9nia, Montsi\u00e0-Tarragona) dintre de la reserva de la biosfera de les Terres de l\u2019Ebre \u201d,&nbsp;&nbsp;mitjan\u00e7ant resoluci\u00f3 d\u2019Alcaldia n\u00famero 2023-0120 de data 15 de febrer de 2023.&nbsp;&nbsp;&nbsp;<\/p>\n\n\n\n<p>Se sotmet a informaci\u00f3 p\u00fablica pel termini de 30 dies naturals a comptar des de l&#8217;endem\u00e0 al de publicaci\u00f3 de l\u2019anunci en el Butllet\u00ed Oficial de la Prov\u00edncia (inserci\u00f3 n\u00famero 2023-1366 publicat l\u20191 de mar\u00e7 de 2023).&nbsp;<\/p>\n\n\n\n<p>Durant aquest termini podr\u00e0 ser examinat per qualsevol interessat en les depend\u00e8ncies municipals perqu\u00e8 es formulin les al\u00b7legacions que s&#8217;estimin pertinents. Aix\u00ed mateix, estar\u00e0 a la disposici\u00f3 dels interessats a la p\u00e0gina web de l\u2019Ajuntament&nbsp;<a href=\"http:\/\/www.lasenia.cat\/\">www.lasenia.cat<\/a><\/p>\n\n\n\n<p>Podeu consultar el Projecte <a href=\"https:\/\/lasenia.cat\/web\/wp-content\/uploads\/2023\/03\/00.PROJECTE-EXECUTIU-DE-MILLORA-DE-LA-BIODIVERSITAT-RECUPERACIO-PAISATGISTICA-I-ACCESSOS-AL-RIU-SENIA-sgt.pdf\" data-type=\"URL\" data-id=\"https:\/\/lasenia.cat\/web\/wp-content\/uploads\/2023\/03\/00.PROJECTE-EXECUTIU-DE-MILLORA-DE-LA-BIODIVERSITAT-RECUPERACIO-PAISATGISTICA-I-ACCESSOS-AL-RIU-SENIA-sgt.pdf\">AQU\u00cd<\/a><\/p>\n","protected":false},"excerpt":{"rendered":"<p>Aprovat inicialment el &#8220;Projecte executiu de millora de la biodiversitat, recuperaci\u00f3 paisatg\u00edstica i ordenaci\u00f3 d\u2019accessos al riu S\u00e9nia (TM de<\/p>\n","protected":false},"author":1,"featured_media":0,"comment_status":"closed","ping_status":"closed","sticky":false,"template":"","format":"standard","meta":{"colormag_page_container_layout":"no_sidebar_full_width","colormag_page_sidebar_layout":"no_sidebar","footnotes":""},"categories":[119,1],"tags":[],"class_list":["post-3254","post","type-post","status-publish","format-standard","hentry","category-actualitat","category-general"],"_links":{"self":[{"href":"https:\/\/lasenia.cat\/web\/wp-json\/wp\/v2\/posts\/3254","targetHints":{"allow":["GET"]}}],"collection":[{"href":"https:\/\/lasenia.cat\/web\/wp-json\/wp\/v2\/posts"}],"about":[{"href":"https:\/\/lasenia.cat\/web\/wp-json\/wp\/v2\/types\/post"}],"author":[{"embeddable":true,"href":"https:\/\/lasenia.cat\/web\/wp-json\/wp\/v2\/users\/1"}],"replies":[{"embeddable":true,"href":"https:\/\/lasenia.cat\/web\/wp-json\/wp\/v2\/comments?post=3254"}],"version-history":[{"count":1,"href":"https:\/\/lasenia.cat\/web\/wp-json\/wp\/v2\/posts\/3254\/revisions"}],"predecessor-version":[{"id":3256,"href":"https:\/\/lasenia.cat\/web\/wp-json\/wp\/v2\/posts\/3254\/revisions\/3256"}],"wp:attachment":[{"href":"https:\/\/lasenia.cat\/web\/wp-json\/wp\/v2\/media?parent=3254"}],"wp:term":[{"taxonomy":"category","embeddable":true,"href":"https:\/\/lasenia.cat\/web\/wp-json\/wp\/v2\/categories?post=3254"},{"taxonomy":"post_tag","embeddable":true,"href":"https:\/\/lasenia.cat\/web\/wp-json\/wp\/v2\/tags?post=3254"}],"curies":[{"name":"wp","href":"https:\/\/api.w.org\/{rel}","templated":true}]}}