{"id":3252,"date":"2023-03-02T00:12:42","date_gmt":"2023-03-01T23:12:42","guid":{"rendered":"http:\/\/lasenia.cat\/web\/?p=3252"},"modified":"2023-03-02T00:12:43","modified_gmt":"2023-03-01T23:12:43","slug":"aprovacio-inicial-area-timba-de-la-senia","status":"publish","type":"post","link":"https:\/\/lasenia.cat\/web\/2023\/03\/02\/aprovacio-inicial-area-timba-de-la-senia\/","title":{"rendered":"Aprovaci\u00f3 inicial \u00e0rea Timba de la S\u00e9nia"},"content":{"rendered":"\n<p>Aprovat inicialment el Projecte executiu de creaci\u00f3 de l\u2019\u00e0rea interpretativa de la Timba de la S\u00e9nia (Montsi\u00e0-Tarragona), mitjan\u00e7ant Resoluci\u00f3 d\u2019Alcaldia n\u00famero 2023-0167 de data 23 de febrer de 2023.<\/p>\n\n\n\n<p>Se sotmet a informaci\u00f3 p\u00fablica pel termini de 30 dies naturals a comptar des de l&#8217;endem\u00e0 al de publicaci\u00f3 del present anunci en el Butllet\u00ed Oficial de la Prov\u00edncia, de conformitat amb l&#8217;establert en l&#8217;article 83 de la Llei 39\/2015, d&#8217;1 d&#8217;octubre, del Procediment Administratiu Com\u00fa de les Administracions P\u00fabliques.<\/p>\n\n\n\n<p>Durant aquest termini podr\u00e0 ser examinat per qualsevol interessat en les depend\u00e8ncies municipals perqu\u00e8 es formulin les al\u00b7legacions que s&#8217;estimin pertinents. Aix\u00ed mateix, estar\u00e0 a la disposici\u00f3 dels interessats a la p\u00e0gina web de l\u2019Ajuntament <a href=\"http:\/\/www.lasenia.cat\">www.lasenia.cat<\/a><\/p>\n\n\n\n<p>La S\u00e9nia,<\/p>\n\n\n\n<p>L\u2019alcalde,<\/p>\n\n\n\n<p>Jos\u00e9 Ramon Bellaub\u00ed Caballer<\/p>\n","protected":false},"excerpt":{"rendered":"<p>Aprovat inicialment el Projecte executiu de creaci\u00f3 de l\u2019\u00e0rea interpretativa de la Timba de la S\u00e9nia (Montsi\u00e0-Tarragona), mitjan\u00e7ant Resoluci\u00f3 d\u2019Alcaldia<\/p>\n","protected":false},"author":1,"featured_media":0,"comment_status":"closed","ping_status":"closed","sticky":false,"template":"","format":"standard","meta":{"colormag_page_container_layout":"no_sidebar_full_width","colormag_page_sidebar_layout":"no_sidebar","footnotes":""},"categories":[119],"tags":[],"class_list":["post-3252","post","type-post","status-publish","format-standard","hentry","category-actualitat"],"_links":{"self":[{"href":"https:\/\/lasenia.cat\/web\/wp-json\/wp\/v2\/posts\/3252","targetHints":{"allow":["GET"]}}],"collection":[{"href":"https:\/\/lasenia.cat\/web\/wp-json\/wp\/v2\/posts"}],"about":[{"href":"https:\/\/lasenia.cat\/web\/wp-json\/wp\/v2\/types\/post"}],"author":[{"embeddable":true,"href":"https:\/\/lasenia.cat\/web\/wp-json\/wp\/v2\/users\/1"}],"replies":[{"embeddable":true,"href":"https:\/\/lasenia.cat\/web\/wp-json\/wp\/v2\/comments?post=3252"}],"version-history":[{"count":1,"href":"https:\/\/lasenia.cat\/web\/wp-json\/wp\/v2\/posts\/3252\/revisions"}],"predecessor-version":[{"id":3253,"href":"https:\/\/lasenia.cat\/web\/wp-json\/wp\/v2\/posts\/3252\/revisions\/3253"}],"wp:attachment":[{"href":"https:\/\/lasenia.cat\/web\/wp-json\/wp\/v2\/media?parent=3252"}],"wp:term":[{"taxonomy":"category","embeddable":true,"href":"https:\/\/lasenia.cat\/web\/wp-json\/wp\/v2\/categories?post=3252"},{"taxonomy":"post_tag","embeddable":true,"href":"https:\/\/lasenia.cat\/web\/wp-json\/wp\/v2\/tags?post=3252"}],"curies":[{"name":"wp","href":"https:\/\/api.w.org\/{rel}","templated":true}]}}