{"id":3250,"date":"2023-03-02T00:09:34","date_gmt":"2023-03-01T23:09:34","guid":{"rendered":"http:\/\/lasenia.cat\/web\/?p=3250"},"modified":"2023-03-02T00:09:35","modified_gmt":"2023-03-01T23:09:35","slug":"aprovacio-definitiva-moli-la-vella","status":"publish","type":"post","link":"https:\/\/lasenia.cat\/web\/2023\/03\/02\/aprovacio-definitiva-moli-la-vella\/","title":{"rendered":"Aprovaci\u00f3 definitiva Moli La Vella"},"content":{"rendered":"\n<p>Anunci de l\u2019Ajuntament de la S\u00e9nia<\/p>\n\n\n\n<p>Es fa p\u00fablic per a general coneixement que el projecte executiu de conservaci\u00f3 i posada en valor dels actius patrimonials del mol\u00ed la vella a la S\u00e9nia (Montsi\u00e0-Tarragona), es va aprovar inicialment mitjan\u00e7ant Resoluci\u00f3 d\u2019Alcaldia n\u00famero 2023-0013, de data 11\/01\/2023.<\/p>\n\n\n\n<p>S\u2019ha exposat al p\u00fablic, al Tauler d\u2019Anuncis, a la web de l\u2019Ajuntament de la S\u00e9nia i al Butllet\u00ed Oficial de la Prov\u00edncia de Tarragona, durant el termini de 30 dies naturals a comptar des de l&#8217;endem\u00e0 de la publicaci\u00f3 al Butllet\u00ed Oficial de la Prov\u00edncia de Tarragona amb refer\u00e8ncia 2023-00218 de data 20 de gener de 2023, i que durant aquest termini no s&#8217;han presentat observacions ni al\u00b7legacions al mateix.&nbsp;&nbsp;<\/p>\n\n\n\n<p>Una vegada exhaurit el termini d\u2019exposici\u00f3, es fa constar que no s\u2019han presentat al\u00b7legacions en relaci\u00f3 al mateix, motiu pel qual, de conformitat amb l\u2019acord esmentat el projecte resta aprovat definitivament sense necessitat de nou acord.<\/p>\n\n\n\n<p>La S\u00e9nia,<\/p>\n\n\n\n<p>L&#8217;alcalde.<br>Jos\u00e9 Ramon Bellaub\u00ed Caballer<\/p>\n","protected":false},"excerpt":{"rendered":"<p>Anunci de l\u2019Ajuntament de la S\u00e9nia Es fa p\u00fablic per a general coneixement que el projecte executiu de conservaci\u00f3 i<\/p>\n","protected":false},"author":1,"featured_media":0,"comment_status":"closed","ping_status":"closed","sticky":false,"template":"","format":"standard","meta":{"colormag_page_container_layout":"no_sidebar_full_width","colormag_page_sidebar_layout":"no_sidebar","footnotes":""},"categories":[119],"tags":[],"class_list":["post-3250","post","type-post","status-publish","format-standard","hentry","category-actualitat"],"_links":{"self":[{"href":"https:\/\/lasenia.cat\/web\/wp-json\/wp\/v2\/posts\/3250","targetHints":{"allow":["GET"]}}],"collection":[{"href":"https:\/\/lasenia.cat\/web\/wp-json\/wp\/v2\/posts"}],"about":[{"href":"https:\/\/lasenia.cat\/web\/wp-json\/wp\/v2\/types\/post"}],"author":[{"embeddable":true,"href":"https:\/\/lasenia.cat\/web\/wp-json\/wp\/v2\/users\/1"}],"replies":[{"embeddable":true,"href":"https:\/\/lasenia.cat\/web\/wp-json\/wp\/v2\/comments?post=3250"}],"version-history":[{"count":1,"href":"https:\/\/lasenia.cat\/web\/wp-json\/wp\/v2\/posts\/3250\/revisions"}],"predecessor-version":[{"id":3251,"href":"https:\/\/lasenia.cat\/web\/wp-json\/wp\/v2\/posts\/3250\/revisions\/3251"}],"wp:attachment":[{"href":"https:\/\/lasenia.cat\/web\/wp-json\/wp\/v2\/media?parent=3250"}],"wp:term":[{"taxonomy":"category","embeddable":true,"href":"https:\/\/lasenia.cat\/web\/wp-json\/wp\/v2\/categories?post=3250"},{"taxonomy":"post_tag","embeddable":true,"href":"https:\/\/lasenia.cat\/web\/wp-json\/wp\/v2\/tags?post=3250"}],"curies":[{"name":"wp","href":"https:\/\/api.w.org\/{rel}","templated":true}]}}