{"id":3237,"date":"2023-02-28T17:59:50","date_gmt":"2023-02-28T16:59:50","guid":{"rendered":"http:\/\/lasenia.cat\/web\/?p=3237"},"modified":"2023-03-16T00:18:34","modified_gmt":"2023-03-15T23:18:34","slug":"lloguer-cinms","status":"publish","type":"post","link":"https:\/\/lasenia.cat\/web\/2023\/02\/28\/lloguer-cinms\/","title":{"rendered":"<strong>Lloga un despatx al Centre de Negocis de la S\u00e9nia (CINMS)<\/strong>"},"content":{"rendered":"\n<p>Amb l&#8217;objectiu d&#8217;impulsar l&#8217;ocupaci\u00f3 dels espais disponibles de l&#8217;edifici propietat de l&#8217;Ajuntament anomenat CINMS i amb la intenci\u00f3 de fomentar i dinamitzar les petites empreses, s&#8217;obre el termini de presentaci\u00f3 de sol\u00b7licituds de totes aquelles persones f\u00edsiques o jur\u00eddiques que estiguin interessades.<\/p>\n\n\n\n<p>Els&nbsp;<strong>requisits&nbsp;<\/strong>que s&#8217;exigeixen per a aquesta presentaci\u00f3 s\u00f3n:&nbsp;<\/p>\n\n\n\n<ul class=\"wp-block-list\">\n<li>Presentar la declaraci\u00f3 responsable emplenada (ANNEX 1)&nbsp;<\/li>\n\n\n\n<li>Disposar d&#8217;un Pla d&#8217;Empresa.&nbsp;<\/li>\n\n\n\n<li>Abonar una quantia econ\u00f2mica mensual corresponent a la quantia oferta pel licitador que m\u00e9s va oferir en el passat concurs.<\/li>\n<\/ul>\n\n\n\n<p>L&#8217;espai de temps pel qual podran ocupar aquests despatxos \u00e9s per als pr\u00f2xims&nbsp;<strong>dos anys<\/strong>.&nbsp;<\/p>\n\n\n\n<p><strong>Forma:&nbsp;<\/strong>tota la documentaci\u00f3 s&#8217;haur\u00e0 de presentar per registre d&#8217;entrada de l&#8217;Ajuntament de la S\u00e9nia.<\/p>\n\n\n\n<p><strong>Termini de presentaci\u00f3 de les sol\u00b7licituds<\/strong>: 20 dies habils a comptar des del dia posterior a la publicaci\u00f3 d&#8217;aquest anunci al web de l\u2019Ajuntament de la S\u00e9nia.<\/p>\n\n\n\n<p><a href=\"https:\/\/lasenia.cat\/web\/wp-content\/uploads\/2023\/02\/CINMS_ANNEX-1.pdf\" data-type=\"URL\" data-id=\"https:\/\/lasenia.cat\/web\/wp-content\/uploads\/2023\/02\/CINMS_ANNEX-1.pdf\">ANNEX 1 &#8211; Documentaci\u00f3 i requisits exigits en el proc\u00e9s extraordinari per a accedir a la condici\u00f3 d\u2019arrendatari en els despatxos del CINMS.<\/a> <\/p>\n\n\n\n<figure class=\"wp-block-gallery has-nested-images columns-default is-cropped wp-block-gallery-1 is-layout-flex wp-block-gallery-is-layout-flex\">\n<figure class=\"wp-block-image size-large\"><img loading=\"lazy\" decoding=\"async\" width=\"1024\" height=\"681\" data-id=\"3240\" src=\"https:\/\/lasenia.cat\/web\/wp-content\/uploads\/2023\/02\/zona-recepcio-1024x681.png\" alt=\"\" class=\"wp-image-3240\" srcset=\"https:\/\/lasenia.cat\/web\/wp-content\/uploads\/2023\/02\/zona-recepcio-1024x681.png 1024w, https:\/\/lasenia.cat\/web\/wp-content\/uploads\/2023\/02\/zona-recepcio-300x199.png 300w, https:\/\/lasenia.cat\/web\/wp-content\/uploads\/2023\/02\/zona-recepcio-768x510.png 768w, https:\/\/lasenia.cat\/web\/wp-content\/uploads\/2023\/02\/zona-recepcio.png 1184w\" sizes=\"auto, (max-width: 1024px) 100vw, 1024px\" \/><\/figure>\n\n\n\n<figure class=\"wp-block-image size-large\"><img loading=\"lazy\" decoding=\"async\" width=\"1024\" height=\"681\" data-id=\"3243\" src=\"https:\/\/lasenia.cat\/web\/wp-content\/uploads\/2023\/02\/zona-passadis-despatxos-1024x681.png\" alt=\"\" class=\"wp-image-3243\" srcset=\"https:\/\/lasenia.cat\/web\/wp-content\/uploads\/2023\/02\/zona-passadis-despatxos-1024x681.png 1024w, https:\/\/lasenia.cat\/web\/wp-content\/uploads\/2023\/02\/zona-passadis-despatxos-300x199.png 300w, https:\/\/lasenia.cat\/web\/wp-content\/uploads\/2023\/02\/zona-passadis-despatxos-768x510.png 768w, https:\/\/lasenia.cat\/web\/wp-content\/uploads\/2023\/02\/zona-passadis-despatxos.png 1184w\" sizes=\"auto, (max-width: 1024px) 100vw, 1024px\" \/><\/figure>\n\n\n\n<figure class=\"wp-block-image size-large\"><img loading=\"lazy\" decoding=\"async\" width=\"1024\" height=\"681\" data-id=\"3239\" src=\"https:\/\/lasenia.cat\/web\/wp-content\/uploads\/2023\/02\/sala-reunions-1024x681.png\" alt=\"\" class=\"wp-image-3239\" srcset=\"https:\/\/lasenia.cat\/web\/wp-content\/uploads\/2023\/02\/sala-reunions-1024x681.png 1024w, https:\/\/lasenia.cat\/web\/wp-content\/uploads\/2023\/02\/sala-reunions-300x199.png 300w, https:\/\/lasenia.cat\/web\/wp-content\/uploads\/2023\/02\/sala-reunions-768x510.png 768w, https:\/\/lasenia.cat\/web\/wp-content\/uploads\/2023\/02\/sala-reunions.png 1184w\" sizes=\"auto, (max-width: 1024px) 100vw, 1024px\" \/><\/figure>\n\n\n\n<figure class=\"wp-block-image size-large\"><img loading=\"lazy\" decoding=\"async\" width=\"1024\" height=\"768\" data-id=\"3241\" src=\"https:\/\/lasenia.cat\/web\/wp-content\/uploads\/2023\/02\/FOTO-CINMS-1024x768.jpg\" alt=\"\" class=\"wp-image-3241\" srcset=\"https:\/\/lasenia.cat\/web\/wp-content\/uploads\/2023\/02\/FOTO-CINMS-1024x768.jpg 1024w, https:\/\/lasenia.cat\/web\/wp-content\/uploads\/2023\/02\/FOTO-CINMS-300x225.jpg 300w, https:\/\/lasenia.cat\/web\/wp-content\/uploads\/2023\/02\/FOTO-CINMS-768x576.jpg 768w, https:\/\/lasenia.cat\/web\/wp-content\/uploads\/2023\/02\/FOTO-CINMS-1536x1152.jpg 1536w, https:\/\/lasenia.cat\/web\/wp-content\/uploads\/2023\/02\/FOTO-CINMS-2048x1536.jpg 2048w\" sizes=\"auto, (max-width: 1024px) 100vw, 1024px\" \/><\/figure>\n\n\n\n<figure class=\"wp-block-image size-large\"><img loading=\"lazy\" decoding=\"async\" width=\"1181\" height=\"787\" data-id=\"3242\" src=\"https:\/\/lasenia.cat\/web\/wp-content\/uploads\/2023\/02\/Facana-CINMS.bmp\" alt=\"\" class=\"wp-image-3242\"\/><\/figure>\n\n\n\n<figure class=\"wp-block-image size-large\"><img loading=\"lazy\" decoding=\"async\" width=\"1024\" height=\"681\" data-id=\"3244\" src=\"https:\/\/lasenia.cat\/web\/wp-content\/uploads\/2023\/02\/despatx-1024x681.png\" alt=\"\" class=\"wp-image-3244\" srcset=\"https:\/\/lasenia.cat\/web\/wp-content\/uploads\/2023\/02\/despatx-1024x681.png 1024w, https:\/\/lasenia.cat\/web\/wp-content\/uploads\/2023\/02\/despatx-300x199.png 300w, https:\/\/lasenia.cat\/web\/wp-content\/uploads\/2023\/02\/despatx-768x510.png 768w, https:\/\/lasenia.cat\/web\/wp-content\/uploads\/2023\/02\/despatx.png 1184w\" sizes=\"auto, (max-width: 1024px) 100vw, 1024px\" \/><\/figure>\n<\/figure>\n","protected":false},"excerpt":{"rendered":"<p>Amb l&#8217;objectiu d&#8217;impulsar l&#8217;ocupaci\u00f3 dels espais disponibles de l&#8217;edifici propietat de l&#8217;Ajuntament anomenat CINMS i amb la intenci\u00f3 de fomentar<\/p>\n","protected":false},"author":1,"featured_media":3245,"comment_status":"closed","ping_status":"closed","sticky":false,"template":"","format":"standard","meta":{"colormag_page_container_layout":"no_sidebar_full_width","colormag_page_sidebar_layout":"no_sidebar","footnotes":""},"categories":[119],"tags":[],"class_list":["post-3237","post","type-post","status-publish","format-standard","has-post-thumbnail","hentry","category-actualitat"],"_links":{"self":[{"href":"https:\/\/lasenia.cat\/web\/wp-json\/wp\/v2\/posts\/3237","targetHints":{"allow":["GET"]}}],"collection":[{"href":"https:\/\/lasenia.cat\/web\/wp-json\/wp\/v2\/posts"}],"about":[{"href":"https:\/\/lasenia.cat\/web\/wp-json\/wp\/v2\/types\/post"}],"author":[{"embeddable":true,"href":"https:\/\/lasenia.cat\/web\/wp-json\/wp\/v2\/users\/1"}],"replies":[{"embeddable":true,"href":"https:\/\/lasenia.cat\/web\/wp-json\/wp\/v2\/comments?post=3237"}],"version-history":[{"count":3,"href":"https:\/\/lasenia.cat\/web\/wp-json\/wp\/v2\/posts\/3237\/revisions"}],"predecessor-version":[{"id":3307,"href":"https:\/\/lasenia.cat\/web\/wp-json\/wp\/v2\/posts\/3237\/revisions\/3307"}],"wp:featuredmedia":[{"embeddable":true,"href":"https:\/\/lasenia.cat\/web\/wp-json\/wp\/v2\/media\/3245"}],"wp:attachment":[{"href":"https:\/\/lasenia.cat\/web\/wp-json\/wp\/v2\/media?parent=3237"}],"wp:term":[{"taxonomy":"category","embeddable":true,"href":"https:\/\/lasenia.cat\/web\/wp-json\/wp\/v2\/categories?post=3237"},{"taxonomy":"post_tag","embeddable":true,"href":"https:\/\/lasenia.cat\/web\/wp-json\/wp\/v2\/tags?post=3237"}],"curies":[{"name":"wp","href":"https:\/\/api.w.org\/{rel}","templated":true}]}}