{"id":3104,"date":"2023-01-26T18:26:01","date_gmt":"2023-01-26T17:26:01","guid":{"rendered":"http:\/\/lasenia.cat\/web\/?p=3104"},"modified":"2023-01-26T18:26:02","modified_gmt":"2023-01-26T17:26:02","slug":"obert-el-termini-de-peticio-de-bonificacions-fiscals","status":"publish","type":"post","link":"https:\/\/lasenia.cat\/web\/2023\/01\/26\/obert-el-termini-de-peticio-de-bonificacions-fiscals\/","title":{"rendered":"Obert el termini de petici\u00f3 de bonificacions fiscals"},"content":{"rendered":"\n<p>L&#8217;Ajuntament de la S\u00e9nia i la regidoria d&#8217;hisenda comuniquen que es troba obert el per\u00edode de petici\u00f3 bonificacions fiscals. Seguidament trobareu tota la informaci\u00f3 clicant a sobre de l&#8217;informe pel que vulgueu realitzar la petici\u00f3.<\/p>\n\n\n\n<p><strong>PER\u00cdODE OBERT FINS AL 28 DE FEBRER<\/strong><\/p>\n\n\n\n<p><a href=\"https:\/\/lasenia.cat\/web\/wp-content\/uploads\/2023\/01\/Bonificacions-IBI-familia-nombrosa.docx\" data-type=\"URL\" data-id=\"https:\/\/lasenia.cat\/web\/wp-content\/uploads\/2023\/01\/Bonificacions-IBI-familia-nombrosa.docx\" target=\"_blank\" rel=\"noreferrer noopener\">BONIFICACIONS IBI PER FAM\u00cdLIA NOMBROSA<\/a><\/p>\n\n\n\n<p><a href=\"https:\/\/lasenia.cat\/web\/wp-content\/uploads\/2023\/01\/Bonificacions-IBI-energia-solar.doc\" data-type=\"URL\" data-id=\"https:\/\/lasenia.cat\/web\/wp-content\/uploads\/2023\/01\/Bonificacions-IBI-energia-solar.doc\">BONIFICACIONS IBI PER INSTAL\u00b7LACIONS D&#8217;ENERGIA SOLAR<\/a><\/p>\n\n\n\n<p><a href=\"https:\/\/lasenia.cat\/web\/wp-content\/uploads\/2023\/01\/Bonificacions-IBI-en-foment-de-locupacio.doc\" data-type=\"URL\" data-id=\"https:\/\/lasenia.cat\/web\/wp-content\/uploads\/2023\/01\/Bonificacions-IBI-en-foment-de-locupacio.doc\" target=\"_blank\" rel=\"noreferrer noopener\">BONIFICACIONS IBI EN FOMENT DE L&#8217;OCUPACI\u00d3<\/a><\/p>\n\n\n\n<p><a href=\"https:\/\/lasenia.cat\/web\/wp-content\/uploads\/2023\/01\/Tarifa-reduida-descombraries.doc\" data-type=\"URL\" data-id=\"https:\/\/lasenia.cat\/web\/wp-content\/uploads\/2023\/01\/Tarifa-reduida-descombraries.doc\">TARIFA REDU\u00cfDA D&#8217;ESCOMBRARIES<\/a><\/p>\n\n\n\n<p><a href=\"https:\/\/lasenia.cat\/web\/wp-content\/uploads\/2023\/01\/Bonificacions-IBI-agropecuaries.doc\" data-type=\"URL\" data-id=\"https:\/\/lasenia.cat\/web\/wp-content\/uploads\/2023\/01\/Bonificacions-IBI-agropecuaries.doc\" target=\"_blank\" rel=\"noreferrer noopener\">BONIFICACIONS IBI AGROPECU\u00c0RIES<\/a><\/p>\n","protected":false},"excerpt":{"rendered":"<p>L&#8217;Ajuntament de la S\u00e9nia i la regidoria d&#8217;hisenda comuniquen que es troba obert el per\u00edode de petici\u00f3 bonificacions fiscals. Seguidament<\/p>\n","protected":false},"author":1,"featured_media":900,"comment_status":"closed","ping_status":"closed","sticky":false,"template":"","format":"standard","meta":{"colormag_page_container_layout":"no_sidebar_full_width","colormag_page_sidebar_layout":"no_sidebar","footnotes":""},"categories":[119],"tags":[],"class_list":["post-3104","post","type-post","status-publish","format-standard","has-post-thumbnail","hentry","category-actualitat"],"_links":{"self":[{"href":"https:\/\/lasenia.cat\/web\/wp-json\/wp\/v2\/posts\/3104","targetHints":{"allow":["GET"]}}],"collection":[{"href":"https:\/\/lasenia.cat\/web\/wp-json\/wp\/v2\/posts"}],"about":[{"href":"https:\/\/lasenia.cat\/web\/wp-json\/wp\/v2\/types\/post"}],"author":[{"embeddable":true,"href":"https:\/\/lasenia.cat\/web\/wp-json\/wp\/v2\/users\/1"}],"replies":[{"embeddable":true,"href":"https:\/\/lasenia.cat\/web\/wp-json\/wp\/v2\/comments?post=3104"}],"version-history":[{"count":1,"href":"https:\/\/lasenia.cat\/web\/wp-json\/wp\/v2\/posts\/3104\/revisions"}],"predecessor-version":[{"id":3110,"href":"https:\/\/lasenia.cat\/web\/wp-json\/wp\/v2\/posts\/3104\/revisions\/3110"}],"wp:featuredmedia":[{"embeddable":true,"href":"https:\/\/lasenia.cat\/web\/wp-json\/wp\/v2\/media\/900"}],"wp:attachment":[{"href":"https:\/\/lasenia.cat\/web\/wp-json\/wp\/v2\/media?parent=3104"}],"wp:term":[{"taxonomy":"category","embeddable":true,"href":"https:\/\/lasenia.cat\/web\/wp-json\/wp\/v2\/categories?post=3104"},{"taxonomy":"post_tag","embeddable":true,"href":"https:\/\/lasenia.cat\/web\/wp-json\/wp\/v2\/tags?post=3104"}],"curies":[{"name":"wp","href":"https:\/\/api.w.org\/{rel}","templated":true}]}}