{"id":3049,"date":"2023-01-18T23:28:37","date_gmt":"2023-01-18T22:28:37","guid":{"rendered":"http:\/\/lasenia.cat\/web\/?p=3049"},"modified":"2023-01-19T19:04:44","modified_gmt":"2023-01-19T18:04:44","slug":"projecte-executiu-darranjament-de-camins","status":"publish","type":"post","link":"https:\/\/lasenia.cat\/web\/2023\/01\/18\/projecte-executiu-darranjament-de-camins\/","title":{"rendered":"Projecte executiu d&#8217;arranjament de camins"},"content":{"rendered":"\n<p>Aprovat inicialment del &#8220;Projecte executiu d\u2019arranjament de camins i els seu elements de contenci\u00f3 afectats pel temporal de pluges del novembre de 2021 (borrasca Blas) a la S\u00e9nia\u201d, mitjan\u00e7ant resoluci\u00f3 d\u2019Alcaldia n\u00famero 2022-1231 de data 29 de desembre de 2022.<\/p>\n\n\n\n<p>Se sotmet a informaci\u00f3 p\u00fablica pel termini de 30 dies naturals a comptar des de l&#8217;endem\u00e0 al de publicaci\u00f3 de l\u2019anunci en el Butllet\u00ed Oficial de la Prov\u00edncia (inserci\u00f3 n\u00famero 2023-00157 publicat el 18 de gener de 2023). Durant aquest termini podr\u00e0 ser examinat per qualsevol interessat en les depend\u00e8ncies municipals perqu\u00e8 es formulin les al\u00b7legacions que s&#8217;estimin pertinents. Aix\u00ed mateix, estar\u00e0 a la disposici\u00f3 dels interessats a la p\u00e0gina web de l\u2019Ajuntament www.lasenia.cat.<\/p>\n\n\n\n<p><a href=\"https:\/\/lasenia.cat\/web\/wp-content\/uploads\/2023\/01\/PROJECTE-EXECUTIU-ARRANJAMENT-CAMINS-DESPERFECTES-BORRASCA-BLAS-A-LA-SENIA-sgt_compressed-1.pdf\" data-type=\"URL\" data-id=\"https:\/\/lasenia.cat\/web\/wp-content\/uploads\/2023\/01\/PROJECTE-EXECUTIU-ARRANJAMENT-CAMINS-DESPERFECTES-BORRASCA-BLAS-A-LA-SENIA-sgt_compressed-1.pdf\">Podeu consultar el Projecte AQU\u00cd<\/a><\/p>\n","protected":false},"excerpt":{"rendered":"<p>Aprovat inicialment del &#8220;Projecte executiu d\u2019arranjament de camins i els seu elements de contenci\u00f3 afectats pel temporal de pluges del<\/p>\n","protected":false},"author":1,"featured_media":0,"comment_status":"closed","ping_status":"closed","sticky":false,"template":"","format":"standard","meta":{"colormag_page_container_layout":"no_sidebar_full_width","colormag_page_sidebar_layout":"no_sidebar","footnotes":""},"categories":[119],"tags":[],"class_list":["post-3049","post","type-post","status-publish","format-standard","hentry","category-actualitat"],"_links":{"self":[{"href":"https:\/\/lasenia.cat\/web\/wp-json\/wp\/v2\/posts\/3049","targetHints":{"allow":["GET"]}}],"collection":[{"href":"https:\/\/lasenia.cat\/web\/wp-json\/wp\/v2\/posts"}],"about":[{"href":"https:\/\/lasenia.cat\/web\/wp-json\/wp\/v2\/types\/post"}],"author":[{"embeddable":true,"href":"https:\/\/lasenia.cat\/web\/wp-json\/wp\/v2\/users\/1"}],"replies":[{"embeddable":true,"href":"https:\/\/lasenia.cat\/web\/wp-json\/wp\/v2\/comments?post=3049"}],"version-history":[{"count":2,"href":"https:\/\/lasenia.cat\/web\/wp-json\/wp\/v2\/posts\/3049\/revisions"}],"predecessor-version":[{"id":3055,"href":"https:\/\/lasenia.cat\/web\/wp-json\/wp\/v2\/posts\/3049\/revisions\/3055"}],"wp:attachment":[{"href":"https:\/\/lasenia.cat\/web\/wp-json\/wp\/v2\/media?parent=3049"}],"wp:term":[{"taxonomy":"category","embeddable":true,"href":"https:\/\/lasenia.cat\/web\/wp-json\/wp\/v2\/categories?post=3049"},{"taxonomy":"post_tag","embeddable":true,"href":"https:\/\/lasenia.cat\/web\/wp-json\/wp\/v2\/tags?post=3049"}],"curies":[{"name":"wp","href":"https:\/\/api.w.org\/{rel}","templated":true}]}}