{"id":3041,"date":"2023-01-15T22:30:34","date_gmt":"2023-01-15T21:30:34","guid":{"rendered":"http:\/\/lasenia.cat\/web\/?p=3041"},"modified":"2023-01-15T22:30:57","modified_gmt":"2023-01-15T21:30:57","slug":"projecte-executiu-daccessibilitat-peatonal-a-la-sortida-sud","status":"publish","type":"post","link":"https:\/\/lasenia.cat\/web\/2023\/01\/15\/projecte-executiu-daccessibilitat-peatonal-a-la-sortida-sud\/","title":{"rendered":"Projecte executiu d&#8217;accessibilitat peatonal a la sortida sud"},"content":{"rendered":"\n<p>ANUNCI DE L\u2019AJUNTAMENT DE LA S\u00c9NIA<\/p>\n\n\n\n<p>Aprovat inicialment el projecte executiu acondicionament de l\u2019accessibilitat peatonal de la<br>sortida sud de la s\u00e9nia (Montsi\u00e0), mitjan\u00e7ant Resoluci\u00f3 d\u2019Alcaldia n\u00famero 2023-0014, de<br>data 11\/01\/2023.<br><br>Se sotmet a informaci\u00f3 p\u00fablica pel termini de 30 dies naturals a comptar des de l&#8217;endem\u00e0 al<br>de publicaci\u00f3 del present anunci en el Butllet\u00ed Oficial de la Prov\u00edncia, de conformitat amb<br>l&#8217;establert en l&#8217;article 83 de la Llei 39\/2015, d&#8217;1 d&#8217;octubre, del Procediment Administratiu<br>Com\u00fa de les Administracions P\u00fabliques.<br><br>Durant aquest termini podr\u00e0 ser examinat per qualsevol interessat en les depend\u00e8ncies<br>municipals perqu\u00e8 es formulin les al\u00b7legacions que s&#8217;estimin pertinents. Aix\u00ed mateix, estar\u00e0 a<br>la disposici\u00f3 dels interessats a la p\u00e0gina web de l\u2019Ajuntament www.lasenia.cat&nbsp;<\/p>\n\n\n\n<p><a href=\"https:\/\/lasenia.cat\/web\/wp-content\/uploads\/2023\/01\/PROJECTE-EXECUTIU-RENOVACIO\u0301-PEATONAL-ACCES-SENIA-SUD-sgt.pdf\" data-type=\"URL\" data-id=\"https:\/\/lasenia.cat\/web\/wp-content\/uploads\/2023\/01\/PROJECTE-EXECUTIU-RENOVACIO\u0301-PEATONAL-ACCES-SENIA-SUD-sgt.pdf\">PODEU CONSULTAR EL PROJECTE AQU\u00cd<\/a><\/p>\n","protected":false},"excerpt":{"rendered":"<p>ANUNCI DE L\u2019AJUNTAMENT DE LA S\u00c9NIA Aprovat inicialment el projecte executiu acondicionament de l\u2019accessibilitat peatonal de lasortida sud de la<\/p>\n","protected":false},"author":1,"featured_media":0,"comment_status":"closed","ping_status":"closed","sticky":false,"template":"","format":"standard","meta":{"colormag_page_container_layout":"no_sidebar_full_width","colormag_page_sidebar_layout":"no_sidebar","footnotes":""},"categories":[119],"tags":[],"class_list":["post-3041","post","type-post","status-publish","format-standard","hentry","category-actualitat"],"_links":{"self":[{"href":"https:\/\/lasenia.cat\/web\/wp-json\/wp\/v2\/posts\/3041","targetHints":{"allow":["GET"]}}],"collection":[{"href":"https:\/\/lasenia.cat\/web\/wp-json\/wp\/v2\/posts"}],"about":[{"href":"https:\/\/lasenia.cat\/web\/wp-json\/wp\/v2\/types\/post"}],"author":[{"embeddable":true,"href":"https:\/\/lasenia.cat\/web\/wp-json\/wp\/v2\/users\/1"}],"replies":[{"embeddable":true,"href":"https:\/\/lasenia.cat\/web\/wp-json\/wp\/v2\/comments?post=3041"}],"version-history":[{"count":2,"href":"https:\/\/lasenia.cat\/web\/wp-json\/wp\/v2\/posts\/3041\/revisions"}],"predecessor-version":[{"id":3044,"href":"https:\/\/lasenia.cat\/web\/wp-json\/wp\/v2\/posts\/3041\/revisions\/3044"}],"wp:attachment":[{"href":"https:\/\/lasenia.cat\/web\/wp-json\/wp\/v2\/media?parent=3041"}],"wp:term":[{"taxonomy":"category","embeddable":true,"href":"https:\/\/lasenia.cat\/web\/wp-json\/wp\/v2\/categories?post=3041"},{"taxonomy":"post_tag","embeddable":true,"href":"https:\/\/lasenia.cat\/web\/wp-json\/wp\/v2\/tags?post=3041"}],"curies":[{"name":"wp","href":"https:\/\/api.w.org\/{rel}","templated":true}]}}