{"id":3032,"date":"2023-01-10T19:38:00","date_gmt":"2023-01-10T18:38:00","guid":{"rendered":"http:\/\/lasenia.cat\/web\/?p=3032"},"modified":"2023-01-12T19:41:37","modified_gmt":"2023-01-12T18:41:37","slug":"subvencions-per-al-comerc-al-detall-i-associacions-de-comerc","status":"publish","type":"post","link":"https:\/\/lasenia.cat\/web\/2023\/01\/10\/subvencions-per-al-comerc-al-detall-i-associacions-de-comerc\/","title":{"rendered":"Subvencions per al comer\u00e7 al detall i associacions de comer\u00e7"},"content":{"rendered":"\n<p><strong>Subvencions en l&#8217;\u00e0mbit de les activitats de comer\u00e7 al detall, i de les associacions i entitats de comer\u00e7 &#8211; NextGenerationEU.<\/strong><\/p>\n\n\n\n<p>Convocat\u00f2ria oberta de la primera l\u00ednia d&#8217;ajuts dels Fons Europeus Next Generation per a impulsar la transformaci\u00f3 digital del comer\u00e7.<\/p>\n\n\n\n<ul class=\"wp-block-list\"><li>Es poden sol\u00b7licitar fins al 19 de gener de 2023.<\/li><li>Requereix una inversi\u00f3 m\u00ednima de 2.000 \u20ac, amb un m\u00e0xim de 75.000 \u20ac d&#8217;ajuts.<\/li><\/ul>\n\n\n\n<p>Consulta les bases i accedeix al tr\u00e0mit&nbsp;<a rel=\"noreferrer noopener\" href=\"https:\/\/ccam.gencat.cat\/ca\/serveis\/subvencions\/subvencions_2022\/next_generation\/?utm_source=twitter&amp;utm_medium=ccamcat&amp;utm_term=c71a63cb-b85d-4754-8183-457c4d0974eb&amp;utm_content=&amp;utm_campaign=\" target=\"_blank\">AQU\u00cd<\/a><\/p>\n\n\n\n<figure class=\"wp-block-image size-full is-resized\"><img loading=\"lazy\" decoding=\"async\" src=\"https:\/\/lasenia.cat\/web\/wp-content\/uploads\/2023\/01\/nextgen.png\" alt=\"Next Generation Catalunya\" class=\"wp-image-3028\" width=\"303\" height=\"235\" srcset=\"https:\/\/lasenia.cat\/web\/wp-content\/uploads\/2023\/01\/nextgen.png 550w, https:\/\/lasenia.cat\/web\/wp-content\/uploads\/2023\/01\/nextgen-300x233.png 300w\" sizes=\"auto, (max-width: 303px) 100vw, 303px\" \/><\/figure>\n","protected":false},"excerpt":{"rendered":"<p>Subvencions en l&#8217;\u00e0mbit de les activitats de comer\u00e7 al detall, i de les associacions i entitats de comer\u00e7 &#8211; NextGenerationEU.<\/p>\n","protected":false},"author":1,"featured_media":3028,"comment_status":"closed","ping_status":"closed","sticky":false,"template":"","format":"standard","meta":{"colormag_page_container_layout":"no_sidebar_full_width","colormag_page_sidebar_layout":"no_sidebar","footnotes":""},"categories":[1],"tags":[],"class_list":["post-3032","post","type-post","status-publish","format-standard","has-post-thumbnail","hentry","category-general"],"_links":{"self":[{"href":"https:\/\/lasenia.cat\/web\/wp-json\/wp\/v2\/posts\/3032","targetHints":{"allow":["GET"]}}],"collection":[{"href":"https:\/\/lasenia.cat\/web\/wp-json\/wp\/v2\/posts"}],"about":[{"href":"https:\/\/lasenia.cat\/web\/wp-json\/wp\/v2\/types\/post"}],"author":[{"embeddable":true,"href":"https:\/\/lasenia.cat\/web\/wp-json\/wp\/v2\/users\/1"}],"replies":[{"embeddable":true,"href":"https:\/\/lasenia.cat\/web\/wp-json\/wp\/v2\/comments?post=3032"}],"version-history":[{"count":2,"href":"https:\/\/lasenia.cat\/web\/wp-json\/wp\/v2\/posts\/3032\/revisions"}],"predecessor-version":[{"id":3034,"href":"https:\/\/lasenia.cat\/web\/wp-json\/wp\/v2\/posts\/3032\/revisions\/3034"}],"wp:featuredmedia":[{"embeddable":true,"href":"https:\/\/lasenia.cat\/web\/wp-json\/wp\/v2\/media\/3028"}],"wp:attachment":[{"href":"https:\/\/lasenia.cat\/web\/wp-json\/wp\/v2\/media?parent=3032"}],"wp:term":[{"taxonomy":"category","embeddable":true,"href":"https:\/\/lasenia.cat\/web\/wp-json\/wp\/v2\/categories?post=3032"},{"taxonomy":"post_tag","embeddable":true,"href":"https:\/\/lasenia.cat\/web\/wp-json\/wp\/v2\/tags?post=3032"}],"curies":[{"name":"wp","href":"https:\/\/api.w.org\/{rel}","templated":true}]}}