{"id":3027,"date":"2023-01-12T19:35:31","date_gmt":"2023-01-12T18:35:31","guid":{"rendered":"http:\/\/lasenia.cat\/web\/?p=3027"},"modified":"2023-01-12T19:38:00","modified_gmt":"2023-01-12T18:38:00","slug":"ajuts-a-projectes-deficiencia-energetica-per-empreses-turistiques","status":"publish","type":"post","link":"https:\/\/lasenia.cat\/web\/2023\/01\/12\/ajuts-a-projectes-deficiencia-energetica-per-empreses-turistiques\/","title":{"rendered":"Ajuts a projectes d&#8217;efici\u00e8ncia energ\u00e8tica per empreses tur\u00edstiques"},"content":{"rendered":"\n<p><strong>Ajuts per a projectes d&#8217;efici\u00e8ncia energ\u00e8tica i economia circular d&#8217;empreses tur\u00edstiques.<\/strong><\/p>\n\n\n\n<p>El dia 17 de gener s&#8217;obrir\u00e0 la convocat\u00f2ria d&#8217;ajuts per al finan\u00e7ament de projectes d&#8217;efici\u00e8ncia energ\u00e8tica i economia circular d&#8217;empreses tur\u00edstiques de Catalunya, en el marc dels Fons Next Generation i del Pla de recuperaci\u00f3, transformaci\u00f3 i resili\u00e8ncia del Govern d&#8217;Espanya.<\/p>\n\n\n\n<p>Ajuts per realitzar un o diversos tipus d&#8217;actuaci\u00f3, amb un finan\u00e7ament que pot anar del 20% al 75%.<\/p>\n\n\n\n<ol class=\"wp-block-list\" type=\"1\"><li>Millora de l\u2019efici\u00e8ncia energ\u00e8tica de l\u2019envolupant t\u00e8rmica.<\/li><li>Millora de l\u2019efici\u00e8ncia energ\u00e8tica de les instal\u00b7lacions t\u00e8rmiques.<\/li><li>Millora de l\u2019efici\u00e8ncia energ\u00e8tica de les instal\u00b7lacions d\u2019il\u00b7luminaci\u00f3.<\/li><\/ol>\n\n\n\n<p>Consulta les bases i la convocat\u00f2ria&nbsp;<a href=\"https:\/\/canalempresa.gencat.cat\/ca\/integraciodepartamentaltramit\/tramit\/PerTemes\/Ajuts-per-a-projectes-deficiencia-energetica-i-economia-circular-dempreses-turistiques\" target=\"_blank\" rel=\"noreferrer noopener\">AQU\u00cd<\/a><\/p>\n\n\n\n<p>Consulta el\u00a0<a rel=\"noreferrer noopener\" href=\"https:\/\/dogc.gencat.cat\/ca\/document-del-dogc\/?documentId=943762\" target=\"_blank\">DOGC<\/a><\/p>\n\n\n\n<figure class=\"wp-block-image size-full is-resized\"><img loading=\"lazy\" decoding=\"async\" src=\"https:\/\/lasenia.cat\/web\/wp-content\/uploads\/2023\/01\/nextgen.png\" alt=\"Next Generation Catalunya\" class=\"wp-image-3028\" width=\"305\" height=\"236\" srcset=\"https:\/\/lasenia.cat\/web\/wp-content\/uploads\/2023\/01\/nextgen.png 550w, https:\/\/lasenia.cat\/web\/wp-content\/uploads\/2023\/01\/nextgen-300x233.png 300w\" sizes=\"auto, (max-width: 305px) 100vw, 305px\" \/><\/figure>\n","protected":false},"excerpt":{"rendered":"<p>Ajuts per a projectes d&#8217;efici\u00e8ncia energ\u00e8tica i economia circular d&#8217;empreses tur\u00edstiques. El dia 17 de gener s&#8217;obrir\u00e0 la convocat\u00f2ria d&#8217;ajuts<\/p>\n","protected":false},"author":1,"featured_media":3028,"comment_status":"closed","ping_status":"closed","sticky":false,"template":"","format":"standard","meta":{"colormag_page_container_layout":"no_sidebar_full_width","colormag_page_sidebar_layout":"no_sidebar","footnotes":""},"categories":[1],"tags":[],"class_list":["post-3027","post","type-post","status-publish","format-standard","has-post-thumbnail","hentry","category-general"],"_links":{"self":[{"href":"https:\/\/lasenia.cat\/web\/wp-json\/wp\/v2\/posts\/3027","targetHints":{"allow":["GET"]}}],"collection":[{"href":"https:\/\/lasenia.cat\/web\/wp-json\/wp\/v2\/posts"}],"about":[{"href":"https:\/\/lasenia.cat\/web\/wp-json\/wp\/v2\/types\/post"}],"author":[{"embeddable":true,"href":"https:\/\/lasenia.cat\/web\/wp-json\/wp\/v2\/users\/1"}],"replies":[{"embeddable":true,"href":"https:\/\/lasenia.cat\/web\/wp-json\/wp\/v2\/comments?post=3027"}],"version-history":[{"count":2,"href":"https:\/\/lasenia.cat\/web\/wp-json\/wp\/v2\/posts\/3027\/revisions"}],"predecessor-version":[{"id":3031,"href":"https:\/\/lasenia.cat\/web\/wp-json\/wp\/v2\/posts\/3027\/revisions\/3031"}],"wp:featuredmedia":[{"embeddable":true,"href":"https:\/\/lasenia.cat\/web\/wp-json\/wp\/v2\/media\/3028"}],"wp:attachment":[{"href":"https:\/\/lasenia.cat\/web\/wp-json\/wp\/v2\/media?parent=3027"}],"wp:term":[{"taxonomy":"category","embeddable":true,"href":"https:\/\/lasenia.cat\/web\/wp-json\/wp\/v2\/categories?post=3027"},{"taxonomy":"post_tag","embeddable":true,"href":"https:\/\/lasenia.cat\/web\/wp-json\/wp\/v2\/tags?post=3027"}],"curies":[{"name":"wp","href":"https:\/\/api.w.org\/{rel}","templated":true}]}}