{"id":3022,"date":"2023-01-11T20:05:40","date_gmt":"2023-01-11T19:05:40","guid":{"rendered":"https:\/\/lasenia.cat\/web\/?p=3022"},"modified":"2023-01-12T16:21:45","modified_gmt":"2023-01-12T15:21:45","slug":"eleccions-municipals-informacio-per-votants-estrangers","status":"publish","type":"post","link":"https:\/\/lasenia.cat\/web\/2023\/01\/11\/eleccions-municipals-informacio-per-votants-estrangers\/","title":{"rendered":"Eleccions municipals &#8211; Informaci\u00f3 per votants estrangers"},"content":{"rendered":"\n<p>Les persones estrangeres que vulguin votar a les eleccions municipals de 2023 s\u2019han d\u2019inscriure al cens electoral<\/p>\n\n\n\n<p>El dia 28 de maig se celebren a Espanya Eleccions Municipals. En aquest sufragi tenen dret de vot les persones residents al pa\u00eds, degudament empadronades.<\/p>\n\n\n\n<p>Poden exercir el seu dret a votar les persones dels pa\u00efsos de la Uni\u00f3 Europea residents a Espanya i tamb\u00e9 aquelles persones, residents al pa\u00eds, que provinguin de pa\u00efsos que hagin signat un acord de reciprocitat de vot a les municipals amb Espanya. Aquests pa\u00efsos s\u00f3n actualment: Bol\u00edvia, Cabo Verde, Xile, Col\u00f2mbia, Corea, Equador, Isl\u00e0ndia, Noruega, Nova Zelanda, Paraguai, Per\u00fa, Regne Unit i Trinitat i Tobago.<\/p>\n\n\n\n<p>Per poder exercir el dret de vot el dia 28 de maig de 2023 caldr\u00e0, per\u00f2, sol\u00b7licitar expressament la inscripci\u00f3 al cens electoral (les persones que es van inscriure per a les eleccions del 2019 i vulguin tornar a participar en aquestes eleccions hauran de fer de nou la inscripci\u00f3)<\/p>\n\n\n\n<p>El termini per poder fer actualitzar el cens electoral varia en funci\u00f3 del pa\u00eds d\u2019origen. Les persones que provinguin de pa\u00efsos de la Uni\u00f3 Europea, hauran de formalitzar la seva inscripci\u00f3 abans del 30 de gener, mentre que les persones estrangeres de pa\u00efsos amb acord de reciprocitat, ho hauran de fer abans del 15 de gener.<\/p>\n\n\n\n<p>Les persones que compleixin aquests requisits i que estiguin empadronades a la S\u00e9nia poden fer aquest tr\u00e0mit al Punt d&#8217;Atenci\u00f3 a la Ciutadania (ps. de la Clotada, 7, baixos)<\/p>\n\n\n\n<p>Les que procedeixin de la UE poden fer aquest tr\u00e0mit fins al 28 de gener i les persones nacionals de pa\u00efsos amb acord amb Espanya, ho poden fer fins al 13 de gener.<\/p>\n\n\n\n<p>Nom\u00e9s caldr\u00e0 emplenar el formulari corresponent (segons la vostra proced\u00e8ncia) que trobareu a continuaci\u00f3 (tamb\u00e9 el podeu demanar al PAC):<\/p>\n\n\n\n<ul class=\"wp-block-list\"><li><a href=\"https:\/\/lasenia.cat\/web\/wp-content\/uploads\/2023\/01\/censo_electoral_paises_reciprocidad.pdf\" data-type=\"URL\" data-id=\"https:\/\/lasenia.cat\/web\/wp-content\/uploads\/2023\/01\/censo_electoral_paises_reciprocidad.pdf\">Soli\u00b7licitud d&#8217;inscripci\u00f3 al Padr\u00f3 municipal dels ciutadans de la UE, no espanyols, residents a Espanya<\/a><\/li><li><a href=\"https:\/\/lasenia.cat\/web\/wp-content\/uploads\/2023\/01\/censo_electoral_UE.pdf\" data-type=\"URL\" data-id=\"https:\/\/lasenia.cat\/web\/wp-content\/uploads\/2023\/01\/censo_electoral_UE.pdf\">Soli\u00b7licitud d&#8217;inscripci\u00f3 al cens electoral de residents a Espanya nacionals de Pa\u00efsos amb Acords per a les eleccions municipals<\/a><\/li><\/ul>\n\n\n\n<p><strong>ELECCIONS MUNICIPALS 2023<\/strong><\/p>\n\n\n\n<p>Cens electoral de residents a Espanya nacionals de pa\u00efsos amb acords per a les eleccions municipals<br>Termini de presentaci\u00f3:<br>15 de gener si es fa a l\u2019INE<br>13 de gener si es fa al PAC de l\u2019Ajuntament de la S\u00e9nia<\/p>\n\n\n\n<p>Cens electoral de ciutadans de la Uni\u00f3 Europea, no espanyols, residents a Espanya<br><strong>Termini de presentaci\u00f3:<\/strong><br>30 de gener si es fa a l\u2019INE<br>20 de gener si es fa al PAC de l&#8217;Ajuntament de la S\u00e9nia<\/p>\n\n\n\n<p><strong>HORARI, UBICACI\u00d3 I CONTACTE DEL PUNT D&#8217;ATENCI\u00d3 A LA CIUTADANIA (PAC)<br><\/strong>Ps. de la Clotada, 7, baixos<br>De dilluns a divendres de 9:00 a 14:00 h<br>Tel\u00e8fon: 977 713 000<\/p>\n\n\n\n<p><strong>WEB INE:<\/strong> <a href=\"https:\/\/www.ine.es\/dyngs\/CEL\/index.htm?cid=41\">https:\/\/www.ine.es\/dyngs\/CEL\/index.htm?cid=41<\/a><\/p>\n","protected":false},"excerpt":{"rendered":"<p>Les persones estrangeres que vulguin votar a les eleccions municipals de 2023 s\u2019han d\u2019inscriure al cens electoral El dia 28<\/p>\n","protected":false},"author":1,"featured_media":900,"comment_status":"closed","ping_status":"closed","sticky":false,"template":"","format":"standard","meta":{"colormag_page_container_layout":"no_sidebar_full_width","colormag_page_sidebar_layout":"no_sidebar","footnotes":""},"categories":[1],"tags":[],"class_list":["post-3022","post","type-post","status-publish","format-standard","has-post-thumbnail","hentry","category-general"],"_links":{"self":[{"href":"https:\/\/lasenia.cat\/web\/wp-json\/wp\/v2\/posts\/3022","targetHints":{"allow":["GET"]}}],"collection":[{"href":"https:\/\/lasenia.cat\/web\/wp-json\/wp\/v2\/posts"}],"about":[{"href":"https:\/\/lasenia.cat\/web\/wp-json\/wp\/v2\/types\/post"}],"author":[{"embeddable":true,"href":"https:\/\/lasenia.cat\/web\/wp-json\/wp\/v2\/users\/1"}],"replies":[{"embeddable":true,"href":"https:\/\/lasenia.cat\/web\/wp-json\/wp\/v2\/comments?post=3022"}],"version-history":[{"count":2,"href":"https:\/\/lasenia.cat\/web\/wp-json\/wp\/v2\/posts\/3022\/revisions"}],"predecessor-version":[{"id":3026,"href":"https:\/\/lasenia.cat\/web\/wp-json\/wp\/v2\/posts\/3022\/revisions\/3026"}],"wp:featuredmedia":[{"embeddable":true,"href":"https:\/\/lasenia.cat\/web\/wp-json\/wp\/v2\/media\/900"}],"wp:attachment":[{"href":"https:\/\/lasenia.cat\/web\/wp-json\/wp\/v2\/media?parent=3022"}],"wp:term":[{"taxonomy":"category","embeddable":true,"href":"https:\/\/lasenia.cat\/web\/wp-json\/wp\/v2\/categories?post=3022"},{"taxonomy":"post_tag","embeddable":true,"href":"https:\/\/lasenia.cat\/web\/wp-json\/wp\/v2\/tags?post=3022"}],"curies":[{"name":"wp","href":"https:\/\/api.w.org\/{rel}","templated":true}]}}