{"id":2878,"date":"2022-12-14T21:04:02","date_gmt":"2022-12-14T20:04:02","guid":{"rendered":"http:\/\/lasenia.cat\/web\/?p=2878"},"modified":"2023-02-16T22:50:22","modified_gmt":"2023-02-16T21:50:22","slug":"intervencions-a-la-zona-de-valldebous","status":"publish","type":"post","link":"https:\/\/lasenia.cat\/web\/2022\/12\/14\/intervencions-a-la-zona-de-valldebous\/","title":{"rendered":"Intervencions a la zona de Valldebous"},"content":{"rendered":"\n<p>Ha finalitzat les obres del projecte de &nbsp;<strong>CREACI\u00d3 D\u2019H\u00c0BITATS PER A L\u2019OFEGABOUS I ALTRES AMFIBIS PROTEGITS, ORDENACI\u00d3 DE L\u2019ESPAI I CREACI\u00d3 D\u2019AREA DE LLEURE A LA FINCA FORESTAL DE TITULARITAT MUNICIPAL DE VALLDEBOUS (PN PORTS-T.M. DE LA S\u00c9NIA).<\/strong><\/p>\n\n\n\n<p>En aquests treballs, s\u2019han realitzat les seg\u00fcents actuacions:<\/p>\n\n\n\n<p><strong>CREACI\u00d3 D\u2019UN NOU&nbsp;<\/strong><strong>HABITATS AMFIBIS<\/strong>.&nbsp;<\/p>\n\n\n\n<p>La&nbsp;principal&nbsp;actuaci\u00f3&nbsp;per&nbsp;fer&nbsp;possible&nbsp;la&nbsp;conservaci\u00f3,augment&nbsp;de&nbsp;la&nbsp;distribuci\u00f3&nbsp;i&nbsp;diversitat&nbsp;dels&nbsp;am\ufb01bis&nbsp;d\u2019unterritori&nbsp;consisteix&nbsp;en&nbsp;incidir&nbsp;sobre&nbsp;els&nbsp;ambients&nbsp;aqu\u00e0ticsque&nbsp;utilitzen&nbsp;per&nbsp;a&nbsp;reproduir-se..<\/p>\n\n\n\n<p>El&nbsp;programa&nbsp;de&nbsp;creaci\u00f3&nbsp;de&nbsp;basses&nbsp;que&nbsp;s\u2019ha&nbsp;dissenyat&nbsp;enel&nbsp;present&nbsp;projecte&nbsp;compr\u00e8n&nbsp;la&nbsp;creaci\u00f3&nbsp;de&nbsp;tres&nbsp;tipologiesde&nbsp;punt&nbsp;d\u2019aigua&nbsp;diferent;&nbsp;bassa&nbsp;ef\u00edmera,&nbsp;bassapermanent&nbsp;i&nbsp;abeurador.&nbsp;El projecte ha fet la&nbsp;Creaci\u00f3 d&#8217;una nova bassa de 225&nbsp;m2 de superf\u00edcie amb les&nbsp;anteriors&nbsp;caracter\u00edstiques i remats ambientals per a donar l&#8217;aparen\u00e7a de naturalitat<\/p>\n\n\n\n<p><strong>NOVA AREA DE LLEURE A VALLDEBOUS<\/strong>.&nbsp;<\/p>\n\n\n\n<p>Aquesta nova \u00e1rea de lleure s\u2019ha creat en una finca propietat del Centre Excursionista Refalguer\u00ed, el qual l\u2019ha cedit parcialment. Gr\u00e0cies a aix\u00f2, s\u2019ha pogut portar a terme aquesta actuaci\u00f3n, pel que l\u2019Ajuntament de la S\u00e9nia els hi est\u00e0 molt agra\u00eft.<\/p>\n\n\n\n<p>Aquesta nova zona de lleure,&nbsp;pret\u00e9n realitzar un parquing per a vehicles de 10&nbsp;places de capacitat per que els usuaris puguin arribar per a fer diferents actuacions relacionades amb la natura:&nbsp;\u25aa&nbsp;Senderisme\u25aa&nbsp;Observacions de fauna&nbsp;\u25aa&nbsp;Bicicleta de muntanya\u25aa&nbsp;Estades a la natura<\/p>\n\n\n\n<p>Aquest aparcament&nbsp;est\u00e0&nbsp;al costat del cam\u00ed, fent un petit desmont i contenint les terres amb marge de pedra seca (quedant completament integrat al paisatge). Les terres que es generin amb aquesta tasca, s\u2019han fetservir per a fer un sobreample al cam\u00ed.<\/p>\n\n\n\n<p>Tamb\u00e9&nbsp;s\u2019ha exectutat&nbsp;una \u00e0rea de lleure en la parcel\u00b7la que&nbsp;ha&nbsp;consistit&nbsp;en: una neteja de la zona, &nbsp;la instal\u00b7laci\u00f3 de diferents taules de p\u00edcnic de fusta tractada en autoclau (9&nbsp;unitats&nbsp;de taules per a adults i 9 per a xiquets\/es) en punts seleccionats de la parcel\u00b7la seleccionada i tamb\u00e9&nbsp;s\u2019han&nbsp;posat&nbsp;baranes de fusta i escales per a facilitar l\u2019acc\u00e9s.<\/p>\n\n\n\n<p>El conjunt de la instal\u00b7laci\u00f3 projectada, aconsegueix&nbsp;un&nbsp;nou&nbsp;punt d\u2019arribada a la Vall de Valldebous de cara al p\u00fablic en general i a partir d\u2019aquest, tenir una oferta d\u2019activitats de natura dirigides a la poblaci\u00f3.&nbsp;<\/p>\n\n\n\n<p>Per altra banda, el PN Ports, realitzar\u00e0 la neteja i arranjament de senders, cartelleria i difusi\u00f3 d\u2019aquest nou punt.<\/p>\n\n\n\n<p>Aquestes actuacions han tingut un import de 59.952,10 Euros (IVA incl\u00f2s) i han rebut una subvenci\u00f3 del Departament d&#8217;Acci\u00f3 Clim\u00e0tica, Alimentaci\u00f3 i Agenda Rural de la Generalitat de Catalunya, relativa als espais naturals de Catalunya, als h\u00e0bitats i esp\u00e8cies, en el marc del Programa de desenvolupament rural de Catalunya 2014-2020, cofinan\u00e7ada pel Fons Europeu Agr\u00edcola de Desenvolupament Rural (FEADER).<\/p>\n\n\n\n<figure class=\"wp-block-gallery has-nested-images columns-default is-cropped wp-block-gallery-1 is-layout-flex wp-block-gallery-is-layout-flex\">\n<figure class=\"wp-block-image size-large\"><img loading=\"lazy\" decoding=\"async\" width=\"1008\" height=\"756\" data-id=\"2879\" src=\"https:\/\/lasenia.cat\/web\/wp-content\/uploads\/2022\/12\/AA8436AD-FEDF-41A0-8E12-6F91C8D75A2C.jpeg\" alt=\"\" class=\"wp-image-2879\" srcset=\"https:\/\/lasenia.cat\/web\/wp-content\/uploads\/2022\/12\/AA8436AD-FEDF-41A0-8E12-6F91C8D75A2C.jpeg 1008w, https:\/\/lasenia.cat\/web\/wp-content\/uploads\/2022\/12\/AA8436AD-FEDF-41A0-8E12-6F91C8D75A2C-300x225.jpeg 300w, https:\/\/lasenia.cat\/web\/wp-content\/uploads\/2022\/12\/AA8436AD-FEDF-41A0-8E12-6F91C8D75A2C-768x576.jpeg 768w\" sizes=\"auto, (max-width: 1008px) 100vw, 1008px\" \/><\/figure>\n\n\n\n<figure class=\"wp-block-image size-large\"><img loading=\"lazy\" decoding=\"async\" width=\"1008\" height=\"756\" data-id=\"2880\" src=\"https:\/\/lasenia.cat\/web\/wp-content\/uploads\/2022\/12\/8168DBE0-AB26-49E0-8B2B-759B91F4C0A3.jpeg\" alt=\"\" class=\"wp-image-2880\" srcset=\"https:\/\/lasenia.cat\/web\/wp-content\/uploads\/2022\/12\/8168DBE0-AB26-49E0-8B2B-759B91F4C0A3.jpeg 1008w, https:\/\/lasenia.cat\/web\/wp-content\/uploads\/2022\/12\/8168DBE0-AB26-49E0-8B2B-759B91F4C0A3-300x225.jpeg 300w, https:\/\/lasenia.cat\/web\/wp-content\/uploads\/2022\/12\/8168DBE0-AB26-49E0-8B2B-759B91F4C0A3-768x576.jpeg 768w\" sizes=\"auto, (max-width: 1008px) 100vw, 1008px\" \/><\/figure>\n\n\n\n<figure class=\"wp-block-image size-large\"><img loading=\"lazy\" decoding=\"async\" width=\"768\" height=\"1024\" data-id=\"2881\" src=\"https:\/\/lasenia.cat\/web\/wp-content\/uploads\/2022\/12\/E02251E9-8BC8-4544-A957-5696D67BB285-768x1024.jpeg\" alt=\"\" class=\"wp-image-2881\" srcset=\"https:\/\/lasenia.cat\/web\/wp-content\/uploads\/2022\/12\/E02251E9-8BC8-4544-A957-5696D67BB285-768x1024.jpeg 768w, https:\/\/lasenia.cat\/web\/wp-content\/uploads\/2022\/12\/E02251E9-8BC8-4544-A957-5696D67BB285-225x300.jpeg 225w, https:\/\/lasenia.cat\/web\/wp-content\/uploads\/2022\/12\/E02251E9-8BC8-4544-A957-5696D67BB285-1152x1536.jpeg 1152w, https:\/\/lasenia.cat\/web\/wp-content\/uploads\/2022\/12\/E02251E9-8BC8-4544-A957-5696D67BB285.jpeg 1200w\" sizes=\"auto, (max-width: 768px) 100vw, 768px\" \/><\/figure>\n\n\n\n<figure class=\"wp-block-image size-large\"><img loading=\"lazy\" decoding=\"async\" width=\"1008\" height=\"756\" data-id=\"2882\" src=\"https:\/\/lasenia.cat\/web\/wp-content\/uploads\/2022\/12\/F013AB0C-0E3D-4118-8690-96B6FA1370FC.jpeg\" alt=\"\" class=\"wp-image-2882\" srcset=\"https:\/\/lasenia.cat\/web\/wp-content\/uploads\/2022\/12\/F013AB0C-0E3D-4118-8690-96B6FA1370FC.jpeg 1008w, https:\/\/lasenia.cat\/web\/wp-content\/uploads\/2022\/12\/F013AB0C-0E3D-4118-8690-96B6FA1370FC-300x225.jpeg 300w, https:\/\/lasenia.cat\/web\/wp-content\/uploads\/2022\/12\/F013AB0C-0E3D-4118-8690-96B6FA1370FC-768x576.jpeg 768w\" sizes=\"auto, (max-width: 1008px) 100vw, 1008px\" \/><\/figure>\n\n\n\n<figure class=\"wp-block-image size-large\"><img loading=\"lazy\" decoding=\"async\" width=\"1024\" height=\"768\" data-id=\"2883\" src=\"https:\/\/lasenia.cat\/web\/wp-content\/uploads\/2022\/12\/A4CAD4EF-F6EC-4F49-935A-3FF989AA770A-1024x768.jpeg\" alt=\"\" class=\"wp-image-2883\" srcset=\"https:\/\/lasenia.cat\/web\/wp-content\/uploads\/2022\/12\/A4CAD4EF-F6EC-4F49-935A-3FF989AA770A-1024x768.jpeg 1024w, https:\/\/lasenia.cat\/web\/wp-content\/uploads\/2022\/12\/A4CAD4EF-F6EC-4F49-935A-3FF989AA770A-300x225.jpeg 300w, https:\/\/lasenia.cat\/web\/wp-content\/uploads\/2022\/12\/A4CAD4EF-F6EC-4F49-935A-3FF989AA770A-768x576.jpeg 768w, https:\/\/lasenia.cat\/web\/wp-content\/uploads\/2022\/12\/A4CAD4EF-F6EC-4F49-935A-3FF989AA770A-1536x1152.jpeg 1536w, https:\/\/lasenia.cat\/web\/wp-content\/uploads\/2022\/12\/A4CAD4EF-F6EC-4F49-935A-3FF989AA770A.jpeg 2000w\" sizes=\"auto, (max-width: 1024px) 100vw, 1024px\" \/><\/figure>\n\n\n\n<figure class=\"wp-block-image size-large\"><img loading=\"lazy\" decoding=\"async\" width=\"640\" height=\"480\" data-id=\"2884\" src=\"https:\/\/lasenia.cat\/web\/wp-content\/uploads\/2022\/12\/8A48074E-1A2E-472B-9616-C5922FA0ED2C.jpeg\" alt=\"\" class=\"wp-image-2884\" srcset=\"https:\/\/lasenia.cat\/web\/wp-content\/uploads\/2022\/12\/8A48074E-1A2E-472B-9616-C5922FA0ED2C.jpeg 640w, https:\/\/lasenia.cat\/web\/wp-content\/uploads\/2022\/12\/8A48074E-1A2E-472B-9616-C5922FA0ED2C-300x225.jpeg 300w\" sizes=\"auto, (max-width: 640px) 100vw, 640px\" \/><\/figure>\n\n\n\n<figure class=\"wp-block-image size-large\"><img loading=\"lazy\" decoding=\"async\" width=\"640\" height=\"480\" data-id=\"2885\" src=\"https:\/\/lasenia.cat\/web\/wp-content\/uploads\/2022\/12\/CC3477B2-87CE-4898-AC57-47B0E66DE509.jpeg\" alt=\"\" class=\"wp-image-2885\" srcset=\"https:\/\/lasenia.cat\/web\/wp-content\/uploads\/2022\/12\/CC3477B2-87CE-4898-AC57-47B0E66DE509.jpeg 640w, https:\/\/lasenia.cat\/web\/wp-content\/uploads\/2022\/12\/CC3477B2-87CE-4898-AC57-47B0E66DE509-300x225.jpeg 300w\" sizes=\"auto, (max-width: 640px) 100vw, 640px\" \/><\/figure>\n\n\n\n<figure class=\"wp-block-image size-large\"><img loading=\"lazy\" decoding=\"async\" width=\"1008\" height=\"756\" data-id=\"2886\" src=\"https:\/\/lasenia.cat\/web\/wp-content\/uploads\/2022\/12\/0EB793BA-345E-4C7F-A32A-4E3A1F9C6B98.jpeg\" alt=\"\" class=\"wp-image-2886\" srcset=\"https:\/\/lasenia.cat\/web\/wp-content\/uploads\/2022\/12\/0EB793BA-345E-4C7F-A32A-4E3A1F9C6B98.jpeg 1008w, https:\/\/lasenia.cat\/web\/wp-content\/uploads\/2022\/12\/0EB793BA-345E-4C7F-A32A-4E3A1F9C6B98-300x225.jpeg 300w, https:\/\/lasenia.cat\/web\/wp-content\/uploads\/2022\/12\/0EB793BA-345E-4C7F-A32A-4E3A1F9C6B98-768x576.jpeg 768w\" sizes=\"auto, (max-width: 1008px) 100vw, 1008px\" \/><\/figure>\n\n\n\n<figure class=\"wp-block-image size-large\"><img loading=\"lazy\" decoding=\"async\" width=\"1008\" height=\"756\" data-id=\"2887\" src=\"https:\/\/lasenia.cat\/web\/wp-content\/uploads\/2022\/12\/8DEEF4B4-C779-447A-8F6C-8DA35E4663F4.jpeg\" alt=\"\" class=\"wp-image-2887\" srcset=\"https:\/\/lasenia.cat\/web\/wp-content\/uploads\/2022\/12\/8DEEF4B4-C779-447A-8F6C-8DA35E4663F4.jpeg 1008w, https:\/\/lasenia.cat\/web\/wp-content\/uploads\/2022\/12\/8DEEF4B4-C779-447A-8F6C-8DA35E4663F4-300x225.jpeg 300w, https:\/\/lasenia.cat\/web\/wp-content\/uploads\/2022\/12\/8DEEF4B4-C779-447A-8F6C-8DA35E4663F4-768x576.jpeg 768w\" sizes=\"auto, (max-width: 1008px) 100vw, 1008px\" \/><\/figure>\n<\/figure>\n","protected":false},"excerpt":{"rendered":"<p>Ha finalitzat les obres del projecte de &nbsp;CREACI\u00d3 D\u2019H\u00c0BITATS PER A L\u2019OFEGABOUS I ALTRES AMFIBIS PROTEGITS, ORDENACI\u00d3 DE L\u2019ESPAI I<\/p>\n","protected":false},"author":1,"featured_media":2879,"comment_status":"closed","ping_status":"closed","sticky":false,"template":"","format":"standard","meta":{"colormag_page_container_layout":"default_layout","colormag_page_sidebar_layout":"default_layout","footnotes":""},"categories":[1],"tags":[],"class_list":["post-2878","post","type-post","status-publish","format-standard","has-post-thumbnail","hentry","category-general"],"_links":{"self":[{"href":"https:\/\/lasenia.cat\/web\/wp-json\/wp\/v2\/posts\/2878","targetHints":{"allow":["GET"]}}],"collection":[{"href":"https:\/\/lasenia.cat\/web\/wp-json\/wp\/v2\/posts"}],"about":[{"href":"https:\/\/lasenia.cat\/web\/wp-json\/wp\/v2\/types\/post"}],"author":[{"embeddable":true,"href":"https:\/\/lasenia.cat\/web\/wp-json\/wp\/v2\/users\/1"}],"replies":[{"embeddable":true,"href":"https:\/\/lasenia.cat\/web\/wp-json\/wp\/v2\/comments?post=2878"}],"version-history":[{"count":2,"href":"https:\/\/lasenia.cat\/web\/wp-json\/wp\/v2\/posts\/2878\/revisions"}],"predecessor-version":[{"id":3208,"href":"https:\/\/lasenia.cat\/web\/wp-json\/wp\/v2\/posts\/2878\/revisions\/3208"}],"wp:featuredmedia":[{"embeddable":true,"href":"https:\/\/lasenia.cat\/web\/wp-json\/wp\/v2\/media\/2879"}],"wp:attachment":[{"href":"https:\/\/lasenia.cat\/web\/wp-json\/wp\/v2\/media?parent=2878"}],"wp:term":[{"taxonomy":"category","embeddable":true,"href":"https:\/\/lasenia.cat\/web\/wp-json\/wp\/v2\/categories?post=2878"},{"taxonomy":"post_tag","embeddable":true,"href":"https:\/\/lasenia.cat\/web\/wp-json\/wp\/v2\/tags?post=2878"}],"curies":[{"name":"wp","href":"https:\/\/api.w.org\/{rel}","templated":true}]}}