{"id":2746,"date":"2022-11-21T18:57:31","date_gmt":"2022-11-21T17:57:31","guid":{"rendered":"http:\/\/lasenia.cat\/web\/?p=2746"},"modified":"2022-11-21T18:57:52","modified_gmt":"2022-11-21T17:57:52","slug":"centenaris-a-la-senia","status":"publish","type":"post","link":"https:\/\/lasenia.cat\/web\/2022\/11\/21\/centenaris-a-la-senia\/","title":{"rendered":"Centenaris a la S\u00e9nia"},"content":{"rendered":"\n<p>Avui celebrem a un senienc i una senienca centenaris. Aquest mat\u00ed hem rebut a la senyora Evilia Jovani al nou ajuntament, i hem visitat al senyor Juan Bautista Capseta. En aquesta ocasi\u00f3 la comitiva ha estat acompanyada per Felip Moncl\u00fas, Director del departament de Drets Socials a les TTEE juntament amb l\u2019alcalde Jos\u00e9 Ramon Bellaub\u00ed, les regidores Alma Gimeno i Seli Michavila i el regidor Jos\u00e9 Antonio T\u00edscar. Els dos homenatjats han rebut la insignia d\u2019or de la S\u00e9nia, una placa commemorativa i la medalla centen\u00e0ria de la Generalitat. Felicitats i per molts anys!<\/p>\n\n\n\n<figure class=\"wp-block-gallery columns-2 is-cropped wp-block-gallery-1 is-layout-flex wp-block-gallery-is-layout-flex\"><ul class=\"blocks-gallery-grid\"><li class=\"blocks-gallery-item\"><figure><img loading=\"lazy\" decoding=\"async\" width=\"1024\" height=\"768\" src=\"https:\/\/lasenia.cat\/web\/wp-content\/uploads\/2022\/11\/316272443_464137692496430_4797103559809909391_n-1024x768.jpg\" alt=\"\" data-id=\"2748\" data-full-url=\"https:\/\/lasenia.cat\/web\/wp-content\/uploads\/2022\/11\/316272443_464137692496430_4797103559809909391_n.jpg\" data-link=\"https:\/\/lasenia.cat\/web\/?attachment_id=2748\" class=\"wp-image-2748\" srcset=\"https:\/\/lasenia.cat\/web\/wp-content\/uploads\/2022\/11\/316272443_464137692496430_4797103559809909391_n-1024x768.jpg 1024w, https:\/\/lasenia.cat\/web\/wp-content\/uploads\/2022\/11\/316272443_464137692496430_4797103559809909391_n-300x225.jpg 300w, https:\/\/lasenia.cat\/web\/wp-content\/uploads\/2022\/11\/316272443_464137692496430_4797103559809909391_n-768x576.jpg 768w, https:\/\/lasenia.cat\/web\/wp-content\/uploads\/2022\/11\/316272443_464137692496430_4797103559809909391_n.jpg 1440w\" sizes=\"auto, (max-width: 1024px) 100vw, 1024px\" \/><\/figure><\/li><li class=\"blocks-gallery-item\"><figure><img loading=\"lazy\" decoding=\"async\" width=\"1024\" height=\"767\" src=\"https:\/\/lasenia.cat\/web\/wp-content\/uploads\/2022\/11\/316305665_464137695829763_5346634553475803843_n-1024x767.jpg\" alt=\"\" data-id=\"2747\" data-full-url=\"https:\/\/lasenia.cat\/web\/wp-content\/uploads\/2022\/11\/316305665_464137695829763_5346634553475803843_n.jpg\" data-link=\"https:\/\/lasenia.cat\/web\/?attachment_id=2747\" class=\"wp-image-2747\" srcset=\"https:\/\/lasenia.cat\/web\/wp-content\/uploads\/2022\/11\/316305665_464137695829763_5346634553475803843_n-1024x767.jpg 1024w, https:\/\/lasenia.cat\/web\/wp-content\/uploads\/2022\/11\/316305665_464137695829763_5346634553475803843_n-300x225.jpg 300w, https:\/\/lasenia.cat\/web\/wp-content\/uploads\/2022\/11\/316305665_464137695829763_5346634553475803843_n-768x575.jpg 768w, https:\/\/lasenia.cat\/web\/wp-content\/uploads\/2022\/11\/316305665_464137695829763_5346634553475803843_n.jpg 1440w\" sizes=\"auto, (max-width: 1024px) 100vw, 1024px\" \/><\/figure><\/li><\/ul><\/figure>\n","protected":false},"excerpt":{"rendered":"<p>Avui celebrem a un senienc i una senienca centenaris. Aquest mat\u00ed hem rebut a la senyora Evilia Jovani al nou<\/p>\n","protected":false},"author":1,"featured_media":2748,"comment_status":"closed","ping_status":"closed","sticky":false,"template":"","format":"standard","meta":{"colormag_page_container_layout":"no_sidebar_full_width","colormag_page_sidebar_layout":"no_sidebar","footnotes":""},"categories":[1],"tags":[],"class_list":["post-2746","post","type-post","status-publish","format-standard","has-post-thumbnail","hentry","category-general"],"_links":{"self":[{"href":"https:\/\/lasenia.cat\/web\/wp-json\/wp\/v2\/posts\/2746","targetHints":{"allow":["GET"]}}],"collection":[{"href":"https:\/\/lasenia.cat\/web\/wp-json\/wp\/v2\/posts"}],"about":[{"href":"https:\/\/lasenia.cat\/web\/wp-json\/wp\/v2\/types\/post"}],"author":[{"embeddable":true,"href":"https:\/\/lasenia.cat\/web\/wp-json\/wp\/v2\/users\/1"}],"replies":[{"embeddable":true,"href":"https:\/\/lasenia.cat\/web\/wp-json\/wp\/v2\/comments?post=2746"}],"version-history":[{"count":1,"href":"https:\/\/lasenia.cat\/web\/wp-json\/wp\/v2\/posts\/2746\/revisions"}],"predecessor-version":[{"id":2749,"href":"https:\/\/lasenia.cat\/web\/wp-json\/wp\/v2\/posts\/2746\/revisions\/2749"}],"wp:featuredmedia":[{"embeddable":true,"href":"https:\/\/lasenia.cat\/web\/wp-json\/wp\/v2\/media\/2748"}],"wp:attachment":[{"href":"https:\/\/lasenia.cat\/web\/wp-json\/wp\/v2\/media?parent=2746"}],"wp:term":[{"taxonomy":"category","embeddable":true,"href":"https:\/\/lasenia.cat\/web\/wp-json\/wp\/v2\/categories?post=2746"},{"taxonomy":"post_tag","embeddable":true,"href":"https:\/\/lasenia.cat\/web\/wp-json\/wp\/v2\/tags?post=2746"}],"curies":[{"name":"wp","href":"https:\/\/api.w.org\/{rel}","templated":true}]}}