{"id":2739,"date":"2022-11-13T10:31:09","date_gmt":"2022-11-13T09:31:09","guid":{"rendered":"http:\/\/lasenia.cat\/web\/?p=2739"},"modified":"2022-11-13T10:31:10","modified_gmt":"2022-11-13T09:31:10","slug":"avaria-endesa-a-la-senia","status":"publish","type":"post","link":"https:\/\/lasenia.cat\/web\/2022\/11\/13\/avaria-endesa-a-la-senia\/","title":{"rendered":"Avaria Endesa a la S\u00e9nia"},"content":{"rendered":"\n<p><strong>COMUNICAT<\/strong><\/p>\n\n\n\n<p>Des de l&#8217;Ajuntament de la S\u00e9nia volem fer p\u00fablica la indignaci\u00f3 per l&#8217;avaria que va deixar sense llum el nostre poble durant gaireb\u00e9 20 hores durant els dos \u00faltims dies. Des d&#8217;un primer moment, alcalde i equip de govern van estar en contacte directe amb l&#8217;empresa subministradora per tal de reparar el dany i restablir l&#8217;electricitat. Aix\u00ed:<\/p>\n\n\n\n<p><strong>1)<\/strong> Des del primer moment es va gestionar l&#8217;avaria. Primer ens van comunicar que quedaria restablert a les 14 hores. La pluja feia impossible que els operaris poguessin pujar als pals de la llum, i un cop analitzat el problema, es van trobar dos focus d&#8217;avaria i impediments per accedir als espais de reparaci\u00f3, ja que es trobaven en recintes privats.<\/p>\n\n\n\n<p><strong>2)<\/strong> Un cop gestionada l&#8217;entrada a les avaries, Endesa comunica que l&#8217;abast \u00e9s m\u00e9s gran del que pensaven, i es gestiona l&#8217;arribada de generadors i una retroexcavadora que arriben des de diferents punts de Catalunya.<\/p>\n\n\n\n<p><strong>3)<\/strong> Finalment, entre les\u00a000\u202fh\u00a0i la\u00a01\u202fh\u00a0queda reparada l&#8217;avaria i torna la llum.<\/p>\n\n\n\n<p><strong>4)<\/strong> Volem destacar la feina realitzada per tot el personal que va gestionar l&#8217;avaria durant tot el dia. Tot i la falta de cobertura, es va intentar mantenir informada a la poblaci\u00f3 a trav\u00e9s de xarxes socials i\u00a0ebando, amb tot el que anava\u00a0succeint.<\/p>\n\n\n\n<p>\u26a0\ufe0f A partir de dem\u00e0 dilluns publicarem les instruccions per tal que cada usuari pugui&nbsp;dur a terme&nbsp;la queixa pertinent a la companyia i intentar que no es repeteixi aquest episodi. Des de l&#8217;Ajuntament&nbsp;continuem treballant&nbsp;per fer extensiva aquesta queixa formal.<\/p>\n\n\n\n<p>Moltes gr\u00e0cies.<\/p>\n","protected":false},"excerpt":{"rendered":"<p>COMUNICAT Des de l&#8217;Ajuntament de la S\u00e9nia volem fer p\u00fablica la indignaci\u00f3 per l&#8217;avaria que va deixar sense llum el<\/p>\n","protected":false},"author":1,"featured_media":2740,"comment_status":"closed","ping_status":"closed","sticky":false,"template":"","format":"standard","meta":{"colormag_page_container_layout":"default_layout","colormag_page_sidebar_layout":"default_layout","footnotes":""},"categories":[1],"tags":[],"class_list":["post-2739","post","type-post","status-publish","format-standard","has-post-thumbnail","hentry","category-general"],"_links":{"self":[{"href":"https:\/\/lasenia.cat\/web\/wp-json\/wp\/v2\/posts\/2739","targetHints":{"allow":["GET"]}}],"collection":[{"href":"https:\/\/lasenia.cat\/web\/wp-json\/wp\/v2\/posts"}],"about":[{"href":"https:\/\/lasenia.cat\/web\/wp-json\/wp\/v2\/types\/post"}],"author":[{"embeddable":true,"href":"https:\/\/lasenia.cat\/web\/wp-json\/wp\/v2\/users\/1"}],"replies":[{"embeddable":true,"href":"https:\/\/lasenia.cat\/web\/wp-json\/wp\/v2\/comments?post=2739"}],"version-history":[{"count":1,"href":"https:\/\/lasenia.cat\/web\/wp-json\/wp\/v2\/posts\/2739\/revisions"}],"predecessor-version":[{"id":2741,"href":"https:\/\/lasenia.cat\/web\/wp-json\/wp\/v2\/posts\/2739\/revisions\/2741"}],"wp:featuredmedia":[{"embeddable":true,"href":"https:\/\/lasenia.cat\/web\/wp-json\/wp\/v2\/media\/2740"}],"wp:attachment":[{"href":"https:\/\/lasenia.cat\/web\/wp-json\/wp\/v2\/media?parent=2739"}],"wp:term":[{"taxonomy":"category","embeddable":true,"href":"https:\/\/lasenia.cat\/web\/wp-json\/wp\/v2\/categories?post=2739"},{"taxonomy":"post_tag","embeddable":true,"href":"https:\/\/lasenia.cat\/web\/wp-json\/wp\/v2\/tags?post=2739"}],"curies":[{"name":"wp","href":"https:\/\/api.w.org\/{rel}","templated":true}]}}