{"id":2427,"date":"2022-10-05T20:14:31","date_gmt":"2022-10-05T19:14:31","guid":{"rendered":"http:\/\/lasenia.cat\/web\/?p=2427"},"modified":"2022-10-05T20:14:32","modified_gmt":"2022-10-05T19:14:32","slug":"lajuntament-visita-interihotel-a-madrid","status":"publish","type":"post","link":"https:\/\/lasenia.cat\/web\/2022\/10\/05\/lajuntament-visita-interihotel-a-madrid\/","title":{"rendered":"L&#8217;Ajuntament visita Interihotel a Madrid"},"content":{"rendered":"\n<p>Les regidores d&#8217;industria, empresa i comer\u00e7, Araceli Michavila, i la regidora de turisme, Laia Sanz, han visitat la nova edici\u00f3 de la fira Interihotel, que aquesta vegada se celebra a Madrid del 5 al 7 d&#8217;octubre. Interihotel \u00e9s un esdeveniment centrat en l&#8217;interiorisme per hotels i restaurants amb una gran c\u00e0rrega senienca, ja que va n\u00e9ixer al nostre poble ara fa 12 anys.<\/p>\n\n\n\n<p>Des d&#8217;aqu\u00ed volem desitjar una bona fira a les senienques i seniencs que hi s\u00f3n presents, tant a l&#8217;organitzaci\u00f3 com a l&#8217;empresa Essenthia Contract.<\/p>\n\n\n\n<figure class=\"wp-block-gallery columns-3 is-cropped wp-block-gallery-1 is-layout-flex wp-block-gallery-is-layout-flex\"><ul class=\"blocks-gallery-grid\"><li class=\"blocks-gallery-item\"><figure><img loading=\"lazy\" decoding=\"async\" width=\"1024\" height=\"768\" src=\"https:\/\/lasenia.cat\/web\/wp-content\/uploads\/2022\/10\/WhatsApp-Image-2022-10-05-at-20.02.01-1-1024x768.jpeg\" alt=\"\" data-id=\"2428\" data-full-url=\"https:\/\/lasenia.cat\/web\/wp-content\/uploads\/2022\/10\/WhatsApp-Image-2022-10-05-at-20.02.01-1.jpeg\" data-link=\"https:\/\/lasenia.cat\/web\/?attachment_id=2428\" class=\"wp-image-2428\" srcset=\"https:\/\/lasenia.cat\/web\/wp-content\/uploads\/2022\/10\/WhatsApp-Image-2022-10-05-at-20.02.01-1-1024x768.jpeg 1024w, https:\/\/lasenia.cat\/web\/wp-content\/uploads\/2022\/10\/WhatsApp-Image-2022-10-05-at-20.02.01-1-300x225.jpeg 300w, https:\/\/lasenia.cat\/web\/wp-content\/uploads\/2022\/10\/WhatsApp-Image-2022-10-05-at-20.02.01-1-768x576.jpeg 768w, https:\/\/lasenia.cat\/web\/wp-content\/uploads\/2022\/10\/WhatsApp-Image-2022-10-05-at-20.02.01-1-1536x1152.jpeg 1536w, https:\/\/lasenia.cat\/web\/wp-content\/uploads\/2022\/10\/WhatsApp-Image-2022-10-05-at-20.02.01-1.jpeg 1600w\" sizes=\"auto, (max-width: 1024px) 100vw, 1024px\" \/><\/figure><\/li><li class=\"blocks-gallery-item\"><figure><img loading=\"lazy\" decoding=\"async\" width=\"1024\" height=\"768\" src=\"https:\/\/lasenia.cat\/web\/wp-content\/uploads\/2022\/10\/WhatsApp-Image-2022-10-05-at-20.02.00-1-1024x768.jpeg\" alt=\"\" data-id=\"2429\" data-full-url=\"https:\/\/lasenia.cat\/web\/wp-content\/uploads\/2022\/10\/WhatsApp-Image-2022-10-05-at-20.02.00-1.jpeg\" data-link=\"https:\/\/lasenia.cat\/web\/?attachment_id=2429\" class=\"wp-image-2429\" srcset=\"https:\/\/lasenia.cat\/web\/wp-content\/uploads\/2022\/10\/WhatsApp-Image-2022-10-05-at-20.02.00-1-1024x768.jpeg 1024w, https:\/\/lasenia.cat\/web\/wp-content\/uploads\/2022\/10\/WhatsApp-Image-2022-10-05-at-20.02.00-1-300x225.jpeg 300w, https:\/\/lasenia.cat\/web\/wp-content\/uploads\/2022\/10\/WhatsApp-Image-2022-10-05-at-20.02.00-1-768x576.jpeg 768w, https:\/\/lasenia.cat\/web\/wp-content\/uploads\/2022\/10\/WhatsApp-Image-2022-10-05-at-20.02.00-1-1536x1152.jpeg 1536w, https:\/\/lasenia.cat\/web\/wp-content\/uploads\/2022\/10\/WhatsApp-Image-2022-10-05-at-20.02.00-1.jpeg 1600w\" sizes=\"auto, (max-width: 1024px) 100vw, 1024px\" \/><\/figure><\/li><li class=\"blocks-gallery-item\"><figure><img loading=\"lazy\" decoding=\"async\" width=\"1024\" height=\"768\" src=\"https:\/\/lasenia.cat\/web\/wp-content\/uploads\/2022\/10\/WhatsApp-Image-2022-10-05-at-20.01.59-1-1024x768.jpeg\" alt=\"\" data-id=\"2430\" data-full-url=\"https:\/\/lasenia.cat\/web\/wp-content\/uploads\/2022\/10\/WhatsApp-Image-2022-10-05-at-20.01.59-1.jpeg\" data-link=\"https:\/\/lasenia.cat\/web\/?attachment_id=2430\" class=\"wp-image-2430\" srcset=\"https:\/\/lasenia.cat\/web\/wp-content\/uploads\/2022\/10\/WhatsApp-Image-2022-10-05-at-20.01.59-1-1024x768.jpeg 1024w, https:\/\/lasenia.cat\/web\/wp-content\/uploads\/2022\/10\/WhatsApp-Image-2022-10-05-at-20.01.59-1-300x225.jpeg 300w, https:\/\/lasenia.cat\/web\/wp-content\/uploads\/2022\/10\/WhatsApp-Image-2022-10-05-at-20.01.59-1-768x576.jpeg 768w, https:\/\/lasenia.cat\/web\/wp-content\/uploads\/2022\/10\/WhatsApp-Image-2022-10-05-at-20.01.59-1-1536x1152.jpeg 1536w, https:\/\/lasenia.cat\/web\/wp-content\/uploads\/2022\/10\/WhatsApp-Image-2022-10-05-at-20.01.59-1.jpeg 1600w\" sizes=\"auto, (max-width: 1024px) 100vw, 1024px\" \/><\/figure><\/li><li class=\"blocks-gallery-item\"><figure><img loading=\"lazy\" decoding=\"async\" width=\"1024\" height=\"768\" src=\"https:\/\/lasenia.cat\/web\/wp-content\/uploads\/2022\/10\/WhatsApp-Image-2022-10-05-at-20.01.58-1-1024x768.jpeg\" alt=\"\" data-id=\"2431\" data-full-url=\"https:\/\/lasenia.cat\/web\/wp-content\/uploads\/2022\/10\/WhatsApp-Image-2022-10-05-at-20.01.58-1.jpeg\" data-link=\"https:\/\/lasenia.cat\/web\/?attachment_id=2431\" class=\"wp-image-2431\" srcset=\"https:\/\/lasenia.cat\/web\/wp-content\/uploads\/2022\/10\/WhatsApp-Image-2022-10-05-at-20.01.58-1-1024x768.jpeg 1024w, https:\/\/lasenia.cat\/web\/wp-content\/uploads\/2022\/10\/WhatsApp-Image-2022-10-05-at-20.01.58-1-300x225.jpeg 300w, https:\/\/lasenia.cat\/web\/wp-content\/uploads\/2022\/10\/WhatsApp-Image-2022-10-05-at-20.01.58-1-768x576.jpeg 768w, https:\/\/lasenia.cat\/web\/wp-content\/uploads\/2022\/10\/WhatsApp-Image-2022-10-05-at-20.01.58-1-1536x1152.jpeg 1536w, https:\/\/lasenia.cat\/web\/wp-content\/uploads\/2022\/10\/WhatsApp-Image-2022-10-05-at-20.01.58-1.jpeg 1600w\" sizes=\"auto, (max-width: 1024px) 100vw, 1024px\" \/><\/figure><\/li><li class=\"blocks-gallery-item\"><figure><img loading=\"lazy\" decoding=\"async\" width=\"1024\" height=\"768\" src=\"https:\/\/lasenia.cat\/web\/wp-content\/uploads\/2022\/10\/WhatsApp-Image-2022-10-05-at-20.01.57-1-1024x768.jpeg\" alt=\"\" data-id=\"2432\" data-full-url=\"https:\/\/lasenia.cat\/web\/wp-content\/uploads\/2022\/10\/WhatsApp-Image-2022-10-05-at-20.01.57-1.jpeg\" data-link=\"https:\/\/lasenia.cat\/web\/?attachment_id=2432\" class=\"wp-image-2432\" srcset=\"https:\/\/lasenia.cat\/web\/wp-content\/uploads\/2022\/10\/WhatsApp-Image-2022-10-05-at-20.01.57-1-1024x768.jpeg 1024w, https:\/\/lasenia.cat\/web\/wp-content\/uploads\/2022\/10\/WhatsApp-Image-2022-10-05-at-20.01.57-1-300x225.jpeg 300w, https:\/\/lasenia.cat\/web\/wp-content\/uploads\/2022\/10\/WhatsApp-Image-2022-10-05-at-20.01.57-1-768x576.jpeg 768w, https:\/\/lasenia.cat\/web\/wp-content\/uploads\/2022\/10\/WhatsApp-Image-2022-10-05-at-20.01.57-1-1536x1152.jpeg 1536w, https:\/\/lasenia.cat\/web\/wp-content\/uploads\/2022\/10\/WhatsApp-Image-2022-10-05-at-20.01.57-1.jpeg 1600w\" sizes=\"auto, (max-width: 1024px) 100vw, 1024px\" \/><\/figure><\/li><li class=\"blocks-gallery-item\"><figure><img loading=\"lazy\" decoding=\"async\" width=\"768\" height=\"1024\" src=\"https:\/\/lasenia.cat\/web\/wp-content\/uploads\/2022\/10\/WhatsApp-Image-2022-10-05-at-20.01.56-1-768x1024.jpeg\" alt=\"\" data-id=\"2433\" data-full-url=\"https:\/\/lasenia.cat\/web\/wp-content\/uploads\/2022\/10\/WhatsApp-Image-2022-10-05-at-20.01.56-1.jpeg\" data-link=\"https:\/\/lasenia.cat\/web\/?attachment_id=2433\" class=\"wp-image-2433\" srcset=\"https:\/\/lasenia.cat\/web\/wp-content\/uploads\/2022\/10\/WhatsApp-Image-2022-10-05-at-20.01.56-1-768x1024.jpeg 768w, https:\/\/lasenia.cat\/web\/wp-content\/uploads\/2022\/10\/WhatsApp-Image-2022-10-05-at-20.01.56-1-225x300.jpeg 225w, https:\/\/lasenia.cat\/web\/wp-content\/uploads\/2022\/10\/WhatsApp-Image-2022-10-05-at-20.01.56-1-1152x1536.jpeg 1152w, https:\/\/lasenia.cat\/web\/wp-content\/uploads\/2022\/10\/WhatsApp-Image-2022-10-05-at-20.01.56-1.jpeg 1200w\" sizes=\"auto, (max-width: 768px) 100vw, 768px\" \/><\/figure><\/li><\/ul><\/figure>\n","protected":false},"excerpt":{"rendered":"<p>Les regidores d&#8217;industria, empresa i comer\u00e7, Araceli Michavila, i la regidora de turisme, Laia Sanz, han visitat la nova edici\u00f3<\/p>\n","protected":false},"author":1,"featured_media":2431,"comment_status":"closed","ping_status":"closed","sticky":false,"template":"","format":"standard","meta":{"colormag_page_container_layout":"default_layout","colormag_page_sidebar_layout":"default_layout","footnotes":""},"categories":[119],"tags":[],"class_list":["post-2427","post","type-post","status-publish","format-standard","has-post-thumbnail","hentry","category-actualitat"],"_links":{"self":[{"href":"https:\/\/lasenia.cat\/web\/wp-json\/wp\/v2\/posts\/2427","targetHints":{"allow":["GET"]}}],"collection":[{"href":"https:\/\/lasenia.cat\/web\/wp-json\/wp\/v2\/posts"}],"about":[{"href":"https:\/\/lasenia.cat\/web\/wp-json\/wp\/v2\/types\/post"}],"author":[{"embeddable":true,"href":"https:\/\/lasenia.cat\/web\/wp-json\/wp\/v2\/users\/1"}],"replies":[{"embeddable":true,"href":"https:\/\/lasenia.cat\/web\/wp-json\/wp\/v2\/comments?post=2427"}],"version-history":[{"count":1,"href":"https:\/\/lasenia.cat\/web\/wp-json\/wp\/v2\/posts\/2427\/revisions"}],"predecessor-version":[{"id":2434,"href":"https:\/\/lasenia.cat\/web\/wp-json\/wp\/v2\/posts\/2427\/revisions\/2434"}],"wp:featuredmedia":[{"embeddable":true,"href":"https:\/\/lasenia.cat\/web\/wp-json\/wp\/v2\/media\/2431"}],"wp:attachment":[{"href":"https:\/\/lasenia.cat\/web\/wp-json\/wp\/v2\/media?parent=2427"}],"wp:term":[{"taxonomy":"category","embeddable":true,"href":"https:\/\/lasenia.cat\/web\/wp-json\/wp\/v2\/categories?post=2427"},{"taxonomy":"post_tag","embeddable":true,"href":"https:\/\/lasenia.cat\/web\/wp-json\/wp\/v2\/tags?post=2427"}],"curies":[{"name":"wp","href":"https:\/\/api.w.org\/{rel}","templated":true}]}}