{"id":2264,"date":"2022-09-04T16:13:09","date_gmt":"2022-09-04T15:13:09","guid":{"rendered":"http:\/\/lasenia.cat\/web\/?p=2264"},"modified":"2022-09-04T16:13:11","modified_gmt":"2022-09-04T15:13:11","slug":"obertura-c-mendez-nunez","status":"publish","type":"post","link":"https:\/\/lasenia.cat\/web\/2022\/09\/04\/obertura-c-mendez-nunez\/","title":{"rendered":"Obertura C\/ M\u00e9ndez Nu\u00f1ez"},"content":{"rendered":"\n<p> L\u2019Ajuntament comunica que el carrer M\u00e9ndez Nu\u00f1ez es troba obert a la circulaci\u00f3. Les obres encara no es troben finalitzades per\u00f2 era una prioritat de cara a facilitar la circulaci\u00f3 de cara a l\u2019obertura del curs escolar.<\/p>\n\n\n\n<figure class=\"wp-block-image size-full\"><img loading=\"lazy\" decoding=\"async\" width=\"900\" height=\"506\" src=\"https:\/\/lasenia.cat\/web\/wp-content\/uploads\/2022\/09\/C3E5533F-B377-45B9-A3FE-DE580557C4AC.jpeg\" alt=\"\" class=\"wp-image-2265\" srcset=\"https:\/\/lasenia.cat\/web\/wp-content\/uploads\/2022\/09\/C3E5533F-B377-45B9-A3FE-DE580557C4AC.jpeg 900w, https:\/\/lasenia.cat\/web\/wp-content\/uploads\/2022\/09\/C3E5533F-B377-45B9-A3FE-DE580557C4AC-300x169.jpeg 300w, https:\/\/lasenia.cat\/web\/wp-content\/uploads\/2022\/09\/C3E5533F-B377-45B9-A3FE-DE580557C4AC-768x432.jpeg 768w\" sizes=\"auto, (max-width: 900px) 100vw, 900px\" \/><\/figure>\n\n\n\n<figure class=\"wp-block-image size-full\"><img loading=\"lazy\" decoding=\"async\" width=\"904\" height=\"511\" src=\"https:\/\/lasenia.cat\/web\/wp-content\/uploads\/2022\/09\/731884B4-D7BC-4E17-94E8-B2A74A55B850.jpeg\" alt=\"\" class=\"wp-image-2266\" srcset=\"https:\/\/lasenia.cat\/web\/wp-content\/uploads\/2022\/09\/731884B4-D7BC-4E17-94E8-B2A74A55B850.jpeg 904w, https:\/\/lasenia.cat\/web\/wp-content\/uploads\/2022\/09\/731884B4-D7BC-4E17-94E8-B2A74A55B850-300x170.jpeg 300w, https:\/\/lasenia.cat\/web\/wp-content\/uploads\/2022\/09\/731884B4-D7BC-4E17-94E8-B2A74A55B850-768x434.jpeg 768w\" sizes=\"auto, (max-width: 904px) 100vw, 904px\" \/><\/figure>\n","protected":false},"excerpt":{"rendered":"<p>L\u2019Ajuntament comunica que el carrer M\u00e9ndez Nu\u00f1ez es troba obert a la circulaci\u00f3. Les obres encara no es troben finalitzades<\/p>\n","protected":false},"author":1,"featured_media":2265,"comment_status":"closed","ping_status":"closed","sticky":false,"template":"","format":"standard","meta":{"colormag_page_container_layout":"default_layout","colormag_page_sidebar_layout":"default_layout","footnotes":""},"categories":[1],"tags":[],"class_list":["post-2264","post","type-post","status-publish","format-standard","has-post-thumbnail","hentry","category-general"],"_links":{"self":[{"href":"https:\/\/lasenia.cat\/web\/wp-json\/wp\/v2\/posts\/2264","targetHints":{"allow":["GET"]}}],"collection":[{"href":"https:\/\/lasenia.cat\/web\/wp-json\/wp\/v2\/posts"}],"about":[{"href":"https:\/\/lasenia.cat\/web\/wp-json\/wp\/v2\/types\/post"}],"author":[{"embeddable":true,"href":"https:\/\/lasenia.cat\/web\/wp-json\/wp\/v2\/users\/1"}],"replies":[{"embeddable":true,"href":"https:\/\/lasenia.cat\/web\/wp-json\/wp\/v2\/comments?post=2264"}],"version-history":[{"count":1,"href":"https:\/\/lasenia.cat\/web\/wp-json\/wp\/v2\/posts\/2264\/revisions"}],"predecessor-version":[{"id":2267,"href":"https:\/\/lasenia.cat\/web\/wp-json\/wp\/v2\/posts\/2264\/revisions\/2267"}],"wp:featuredmedia":[{"embeddable":true,"href":"https:\/\/lasenia.cat\/web\/wp-json\/wp\/v2\/media\/2265"}],"wp:attachment":[{"href":"https:\/\/lasenia.cat\/web\/wp-json\/wp\/v2\/media?parent=2264"}],"wp:term":[{"taxonomy":"category","embeddable":true,"href":"https:\/\/lasenia.cat\/web\/wp-json\/wp\/v2\/categories?post=2264"},{"taxonomy":"post_tag","embeddable":true,"href":"https:\/\/lasenia.cat\/web\/wp-json\/wp\/v2\/tags?post=2264"}],"curies":[{"name":"wp","href":"https:\/\/api.w.org\/{rel}","templated":true}]}}