{"id":2262,"date":"2022-08-23T08:11:00","date_gmt":"2022-08-23T07:11:00","guid":{"rendered":"http:\/\/lasenia.cat\/web\/?p=2262"},"modified":"2022-08-31T10:14:41","modified_gmt":"2022-08-31T09:14:41","slug":"anunci-2","status":"publish","type":"post","link":"https:\/\/lasenia.cat\/web\/2022\/08\/23\/anunci-2\/","title":{"rendered":"Anunci"},"content":{"rendered":"\n<p><strong>Anunci de l\u2019<\/strong><strong>A<\/strong><strong>juntament de la S\u00e9nia<\/strong><\/p>\n\n\n\n<p>Es fa p\u00fablic per a general coneixement que&nbsp;es va&nbsp;aprovarinicialment el Projecte&nbsp;d&#8217;arranjament del paviment d&#8217;aglomerat asf\u00e0ltic en calent a camins i carrers del municipide la S\u00e9nia, mitjan\u00e7ant Resoluci\u00f3 d\u2019Alcaldia n\u00famero 2022-0545, de data 23\/06\/2022. Aquest&nbsp;anunci que es&nbsp;va&nbsp;public\u00e0 per un termini de 30 dies naturals, en el Butllet\u00ed Oficial de la Prov\u00edncia de Tarragona amb refer\u00e8ncia&nbsp;CVE 2022-05922, de data 11\/07\/2022,&nbsp;a la seu electr\u00f2nica i en el lloc web de l\u2019Ajuntament de la S\u00e9nia.<\/p>\n\n\n\n<p>Una vegada exhaurit el termini d\u2019exposici\u00f3, es fa constar que no s\u2019han presentat al\u00b7legacions en relaci\u00f3 al mateix, motiu pel qual, de conformitat amb l\u2019acord esmentat el projecte resta aprovat definitivament sense necessitat de nou acord.&nbsp;<\/p>\n\n\n\n<p>La S\u00e9nia,<\/p>\n\n\n\n<p>L\u2019alcalde,&nbsp;<\/p>\n\n\n\n<p>Jos\u00e9 Ramon Bellaub\u00ed Caballer<\/p>\n","protected":false},"excerpt":{"rendered":"<p>Anunci de l\u2019Ajuntament de la S\u00e9nia Es fa p\u00fablic per a general coneixement que&nbsp;es va&nbsp;aprovarinicialment el Projecte&nbsp;d&#8217;arranjament del paviment d&#8217;aglomerat<\/p>\n","protected":false},"author":1,"featured_media":0,"comment_status":"closed","ping_status":"closed","sticky":false,"template":"","format":"standard","meta":{"colormag_page_container_layout":"default_layout","colormag_page_sidebar_layout":"default_layout","footnotes":""},"categories":[119],"tags":[],"class_list":["post-2262","post","type-post","status-publish","format-standard","hentry","category-actualitat"],"_links":{"self":[{"href":"https:\/\/lasenia.cat\/web\/wp-json\/wp\/v2\/posts\/2262","targetHints":{"allow":["GET"]}}],"collection":[{"href":"https:\/\/lasenia.cat\/web\/wp-json\/wp\/v2\/posts"}],"about":[{"href":"https:\/\/lasenia.cat\/web\/wp-json\/wp\/v2\/types\/post"}],"author":[{"embeddable":true,"href":"https:\/\/lasenia.cat\/web\/wp-json\/wp\/v2\/users\/1"}],"replies":[{"embeddable":true,"href":"https:\/\/lasenia.cat\/web\/wp-json\/wp\/v2\/comments?post=2262"}],"version-history":[{"count":1,"href":"https:\/\/lasenia.cat\/web\/wp-json\/wp\/v2\/posts\/2262\/revisions"}],"predecessor-version":[{"id":2263,"href":"https:\/\/lasenia.cat\/web\/wp-json\/wp\/v2\/posts\/2262\/revisions\/2263"}],"wp:attachment":[{"href":"https:\/\/lasenia.cat\/web\/wp-json\/wp\/v2\/media?parent=2262"}],"wp:term":[{"taxonomy":"category","embeddable":true,"href":"https:\/\/lasenia.cat\/web\/wp-json\/wp\/v2\/categories?post=2262"},{"taxonomy":"post_tag","embeddable":true,"href":"https:\/\/lasenia.cat\/web\/wp-json\/wp\/v2\/tags?post=2262"}],"curies":[{"name":"wp","href":"https:\/\/api.w.org\/{rel}","templated":true}]}}