{"id":1505,"date":"2021-09-23T09:00:00","date_gmt":"2021-09-23T08:00:00","guid":{"rendered":"http:\/\/lasenia.cat\/web\/?p=1505"},"modified":"2021-09-26T09:51:34","modified_gmt":"2021-09-26T08:51:34","slug":"llista-definitiva-de-persones-admeses-i-excloses-concurs-oposicio-agents-policia-local-exp-399-2021","status":"publish","type":"post","link":"https:\/\/lasenia.cat\/web\/2021\/09\/23\/llista-definitiva-de-persones-admeses-i-excloses-concurs-oposicio-agents-policia-local-exp-399-2021\/","title":{"rendered":"Llista definitiva de persones admeses i excloses &#8211; Concurs oposici\u00f3 agents policia local (Exp. 399\/2021)"},"content":{"rendered":"\n<p>Mitjan\u00e7ant resoluci\u00f3 d\u2019alcaldia n\u00famero 2021-840 de 21 de setembre de 2021 s\u2019ha aprovat la relaci\u00f3 definitiva de les persones aspirants admeses i excloses, la designaci\u00f3 del tribunal i la convocat\u00f2ria de les proves del proc\u00e9s de selecci\u00f3 per cobrir dues places d\u2019agent de la Policia local de l\u2019Ajuntament de la S\u00e9nia.<\/p>\n\n\n\n<p>Podeu consultar el llistat des del&nbsp;<a href=\"https:\/\/lasenia.eadministracio.cat\/board\/975040b6-f59b-11de-b600-00237da12c6a\/\">Tauler d\u2019anuncis de la Seu Electr\u00f2nica<\/a>&nbsp;de l\u2019Ajuntament de la S\u00e9nia.<\/p>\n","protected":false},"excerpt":{"rendered":"<p>Mitjan\u00e7ant resoluci\u00f3 d\u2019alcaldia n\u00famero 2021-840 de 21 de setembre de 2021 s\u2019ha aprovat la relaci\u00f3 definitiva de les persones aspirants<\/p>\n","protected":false},"author":1,"featured_media":0,"comment_status":"closed","ping_status":"closed","sticky":false,"template":"","format":"standard","meta":{"colormag_page_container_layout":"default_layout","colormag_page_sidebar_layout":"default_layout","footnotes":""},"categories":[1],"tags":[],"class_list":["post-1505","post","type-post","status-publish","format-standard","hentry","category-general"],"_links":{"self":[{"href":"https:\/\/lasenia.cat\/web\/wp-json\/wp\/v2\/posts\/1505","targetHints":{"allow":["GET"]}}],"collection":[{"href":"https:\/\/lasenia.cat\/web\/wp-json\/wp\/v2\/posts"}],"about":[{"href":"https:\/\/lasenia.cat\/web\/wp-json\/wp\/v2\/types\/post"}],"author":[{"embeddable":true,"href":"https:\/\/lasenia.cat\/web\/wp-json\/wp\/v2\/users\/1"}],"replies":[{"embeddable":true,"href":"https:\/\/lasenia.cat\/web\/wp-json\/wp\/v2\/comments?post=1505"}],"version-history":[{"count":3,"href":"https:\/\/lasenia.cat\/web\/wp-json\/wp\/v2\/posts\/1505\/revisions"}],"predecessor-version":[{"id":1510,"href":"https:\/\/lasenia.cat\/web\/wp-json\/wp\/v2\/posts\/1505\/revisions\/1510"}],"wp:attachment":[{"href":"https:\/\/lasenia.cat\/web\/wp-json\/wp\/v2\/media?parent=1505"}],"wp:term":[{"taxonomy":"category","embeddable":true,"href":"https:\/\/lasenia.cat\/web\/wp-json\/wp\/v2\/categories?post=1505"},{"taxonomy":"post_tag","embeddable":true,"href":"https:\/\/lasenia.cat\/web\/wp-json\/wp\/v2\/tags?post=1505"}],"curies":[{"name":"wp","href":"https:\/\/api.w.org\/{rel}","templated":true}]}}