{"id":1493,"date":"2021-09-23T21:38:57","date_gmt":"2021-09-23T20:38:57","guid":{"rendered":"https:\/\/lasenia.cat\/web\/?p=1493"},"modified":"2026-04-20T19:48:58","modified_gmt":"2026-04-20T17:48:58","slug":"ordenances-reguladores","status":"publish","type":"post","link":"https:\/\/lasenia.cat\/web\/2021\/09\/23\/ordenances-reguladores\/","title":{"rendered":"Ordenances reguladores"},"content":{"rendered":"\n<p><a href=\"https:\/\/lasenia.cat\/web\/wp-content\/uploads\/ordenances\/gob\/Ordenancamunicipalreguladoradecivisme.pdf\" data-type=\"URL\" data-id=\"https:\/\/lasenia.cat\/web\/wp-content\/uploads\/ordenances\/gob\/Ordenancamunicipalreguladoradecivisme.pdf\">Ordenan\u00e7a municipal reguladora de civisme<\/a><\/p>\n\n\n\n<p><a href=\"https:\/\/lasenia.cat\/web\/wp-content\/uploads\/ordenances\/gob\/Ordenanca-mun_reg_tin_proteccio-control-animals.pdf\">Ordenan\u00e7a municipal reguladora de tinen\u00e7a d&#8217;animals<\/a><\/p>\n\n\n\n<p><a href=\"https:\/\/lasenia.cat\/web\/wp-content\/uploads\/ordenances\/gob\/Ordenanca-mun_ocupacio-via-publica-taules_cadires-terrasses.pdf\">Ordenan\u00e7a municipal reguladora d&#8217;ocupaci\u00f3 de via p\u00fablica amb taules i cadires de terrasses <\/a><\/p>\n\n\n\n<p><a href=\"https:\/\/lasenia.cat\/web\/wp-content\/uploads\/ordenances\/gob\/Ordenanca-annex1_reguladoratransit.pdf\">Ordenan\u00e7a municipal Annex 1 reguladora de transit<\/a><\/p>\n\n\n\n<p><a href=\"https:\/\/lasenia.cat\/web\/wp-content\/uploads\/2026\/04\/P1_Acord_regulador_de_Preus_Publics_2026.pdf\">P1 \u2013 Acord regulador de Preus P\u00fablics<\/a><\/p>\n\n\n\n<p><a href=\"http:\/\/www.lasenia.cat\/web\/wp-content\/uploads\/ordenances\/Proposta_ordenances_municipals.pdf\" data-type=\"URL\" data-id=\"http:\/\/www.lasenia.cat\/web\/wp-content\/uploads\/ordenances\/Proposta_ordenances_municipals.pdf\">Ordenances reguladores del POUM<\/a><\/p>\n","protected":false},"excerpt":{"rendered":"<p>Ordenan\u00e7a municipal reguladora de civisme Ordenan\u00e7a municipal reguladora de tinen\u00e7a d&#8217;animals Ordenan\u00e7a municipal reguladora d&#8217;ocupaci\u00f3 de via p\u00fablica amb taules<\/p>\n","protected":false},"author":1,"featured_media":1511,"comment_status":"closed","ping_status":"closed","sticky":false,"template":"","format":"standard","meta":{"colormag_page_container_layout":"default_layout","colormag_page_sidebar_layout":"default_layout","footnotes":""},"categories":[1,24],"tags":[],"class_list":["post-1493","post","type-post","status-publish","format-standard","has-post-thumbnail","hentry","category-general","category-governacio"],"_links":{"self":[{"href":"https:\/\/lasenia.cat\/web\/wp-json\/wp\/v2\/posts\/1493","targetHints":{"allow":["GET"]}}],"collection":[{"href":"https:\/\/lasenia.cat\/web\/wp-json\/wp\/v2\/posts"}],"about":[{"href":"https:\/\/lasenia.cat\/web\/wp-json\/wp\/v2\/types\/post"}],"author":[{"embeddable":true,"href":"https:\/\/lasenia.cat\/web\/wp-json\/wp\/v2\/users\/1"}],"replies":[{"embeddable":true,"href":"https:\/\/lasenia.cat\/web\/wp-json\/wp\/v2\/comments?post=1493"}],"version-history":[{"count":9,"href":"https:\/\/lasenia.cat\/web\/wp-json\/wp\/v2\/posts\/1493\/revisions"}],"predecessor-version":[{"id":8966,"href":"https:\/\/lasenia.cat\/web\/wp-json\/wp\/v2\/posts\/1493\/revisions\/8966"}],"wp:featuredmedia":[{"embeddable":true,"href":"https:\/\/lasenia.cat\/web\/wp-json\/wp\/v2\/media\/1511"}],"wp:attachment":[{"href":"https:\/\/lasenia.cat\/web\/wp-json\/wp\/v2\/media?parent=1493"}],"wp:term":[{"taxonomy":"category","embeddable":true,"href":"https:\/\/lasenia.cat\/web\/wp-json\/wp\/v2\/categories?post=1493"},{"taxonomy":"post_tag","embeddable":true,"href":"https:\/\/lasenia.cat\/web\/wp-json\/wp\/v2\/tags?post=1493"}],"curies":[{"name":"wp","href":"https:\/\/api.w.org\/{rel}","templated":true}]}}