{"id":1474,"date":"2021-09-21T21:06:10","date_gmt":"2021-09-21T20:06:10","guid":{"rendered":"http:\/\/lasenia.cat\/web\/?p=1474"},"modified":"2021-09-22T08:59:43","modified_gmt":"2021-09-22T07:59:43","slug":"restabliment-camins-gloria","status":"publish","type":"post","link":"https:\/\/lasenia.cat\/web\/2021\/09\/21\/restabliment-camins-gloria\/","title":{"rendered":"Execuci\u00f3 del projecte de Restabliment i millora dels camins afectats pel temporal Gl\u00f2ria."},"content":{"rendered":"\n<p>S&#8217;ha portat a terme l&#8217;actuaci\u00f3 de la pavimentaci\u00f3 amb aglomerat asfaltic dels camins agr\u00edcoles afectats pel temporal Gl\u00f2ria, concretament al cam\u00ed de Malany, cam\u00ed del Rac\u00f3 de la Serreta, Mas de Ciurana i el de Viladenverga. En total s&#8217;ha actuat al llarg de 2000 metres de camins.<br>Import de l&#8217;actuaci\u00f3: 49.750 Euros% subvenci\u00f3 concedida per la Diputaci\u00f3 de Tarragona: 95%Import total subvencionat per la Diputaci\u00f3 de Tarragona: 47.262,5 Euros<\/p>\n\n\n\n<figure class=\"wp-block-gallery columns-3 is-cropped wp-block-gallery-1 is-layout-flex wp-block-gallery-is-layout-flex\"><ul class=\"blocks-gallery-grid\"><li class=\"blocks-gallery-item\"><figure><img loading=\"lazy\" decoding=\"async\" width=\"1024\" height=\"768\" src=\"https:\/\/lasenia.cat\/web\/wp-content\/uploads\/2021\/09\/IMG_8175-1024x768.jpg\" alt=\"\" data-id=\"1480\" data-full-url=\"https:\/\/lasenia.cat\/web\/wp-content\/uploads\/2021\/09\/IMG_8175.jpg\" data-link=\"https:\/\/lasenia.cat\/web\/2021\/09\/21\/subvencio-de-26-78778e-del-pla-daccio-municipal-pam-de-lanualitat-2020-de-la-diputacio-de-tarragona-per-a-lajuntament-de-la-senia\/img_8175\/\" class=\"wp-image-1480\" srcset=\"https:\/\/lasenia.cat\/web\/wp-content\/uploads\/2021\/09\/IMG_8175-1024x768.jpg 1024w, https:\/\/lasenia.cat\/web\/wp-content\/uploads\/2021\/09\/IMG_8175-300x225.jpg 300w, https:\/\/lasenia.cat\/web\/wp-content\/uploads\/2021\/09\/IMG_8175-768x576.jpg 768w, https:\/\/lasenia.cat\/web\/wp-content\/uploads\/2021\/09\/IMG_8175.jpg 1143w\" sizes=\"auto, (max-width: 1024px) 100vw, 1024px\" \/><\/figure><\/li><li class=\"blocks-gallery-item\"><figure><img loading=\"lazy\" decoding=\"async\" width=\"1024\" height=\"768\" src=\"https:\/\/lasenia.cat\/web\/wp-content\/uploads\/2021\/09\/IMG_8182-1024x768.jpg\" alt=\"\" data-id=\"1481\" data-full-url=\"https:\/\/lasenia.cat\/web\/wp-content\/uploads\/2021\/09\/IMG_8182.jpg\" data-link=\"https:\/\/lasenia.cat\/web\/2021\/09\/21\/subvencio-de-26-78778e-del-pla-daccio-municipal-pam-de-lanualitat-2020-de-la-diputacio-de-tarragona-per-a-lajuntament-de-la-senia\/img_8182\/\" class=\"wp-image-1481\" srcset=\"https:\/\/lasenia.cat\/web\/wp-content\/uploads\/2021\/09\/IMG_8182-1024x768.jpg 1024w, https:\/\/lasenia.cat\/web\/wp-content\/uploads\/2021\/09\/IMG_8182-300x225.jpg 300w, https:\/\/lasenia.cat\/web\/wp-content\/uploads\/2021\/09\/IMG_8182-768x576.jpg 768w, https:\/\/lasenia.cat\/web\/wp-content\/uploads\/2021\/09\/IMG_8182.jpg 1143w\" sizes=\"auto, (max-width: 1024px) 100vw, 1024px\" \/><\/figure><\/li><li class=\"blocks-gallery-item\"><figure><img loading=\"lazy\" decoding=\"async\" width=\"1024\" height=\"768\" src=\"https:\/\/lasenia.cat\/web\/wp-content\/uploads\/2021\/09\/IMG_8174-1024x768.jpg\" alt=\"\" data-id=\"1482\" data-full-url=\"https:\/\/lasenia.cat\/web\/wp-content\/uploads\/2021\/09\/IMG_8174.jpg\" data-link=\"https:\/\/lasenia.cat\/web\/2021\/09\/21\/subvencio-de-26-78778e-del-pla-daccio-municipal-pam-de-lanualitat-2020-de-la-diputacio-de-tarragona-per-a-lajuntament-de-la-senia\/img_8174\/\" class=\"wp-image-1482\" srcset=\"https:\/\/lasenia.cat\/web\/wp-content\/uploads\/2021\/09\/IMG_8174-1024x768.jpg 1024w, https:\/\/lasenia.cat\/web\/wp-content\/uploads\/2021\/09\/IMG_8174-300x225.jpg 300w, https:\/\/lasenia.cat\/web\/wp-content\/uploads\/2021\/09\/IMG_8174-768x576.jpg 768w, https:\/\/lasenia.cat\/web\/wp-content\/uploads\/2021\/09\/IMG_8174.jpg 1143w\" sizes=\"auto, (max-width: 1024px) 100vw, 1024px\" \/><\/figure><\/li><li class=\"blocks-gallery-item\"><figure><img loading=\"lazy\" decoding=\"async\" width=\"1024\" height=\"768\" src=\"https:\/\/lasenia.cat\/web\/wp-content\/uploads\/2021\/09\/IMG_7512-1024x768.jpg\" alt=\"\" data-id=\"1483\" data-full-url=\"https:\/\/lasenia.cat\/web\/wp-content\/uploads\/2021\/09\/IMG_7512.jpg\" data-link=\"https:\/\/lasenia.cat\/web\/2021\/09\/21\/subvencio-de-26-78778e-del-pla-daccio-municipal-pam-de-lanualitat-2020-de-la-diputacio-de-tarragona-per-a-lajuntament-de-la-senia\/img_7512\/\" class=\"wp-image-1483\" srcset=\"https:\/\/lasenia.cat\/web\/wp-content\/uploads\/2021\/09\/IMG_7512-1024x768.jpg 1024w, https:\/\/lasenia.cat\/web\/wp-content\/uploads\/2021\/09\/IMG_7512-300x225.jpg 300w, https:\/\/lasenia.cat\/web\/wp-content\/uploads\/2021\/09\/IMG_7512-768x576.jpg 768w, https:\/\/lasenia.cat\/web\/wp-content\/uploads\/2021\/09\/IMG_7512-1536x1152.jpg 1536w, https:\/\/lasenia.cat\/web\/wp-content\/uploads\/2021\/09\/IMG_7512.jpg 1632w\" sizes=\"auto, (max-width: 1024px) 100vw, 1024px\" \/><\/figure><\/li><\/ul><\/figure>\n\n\n\n<figure class=\"wp-block-image size-large is-resized\"><img loading=\"lazy\" decoding=\"async\" src=\"https:\/\/lasenia.cat\/web\/wp-content\/uploads\/2021\/03\/diputacio.jpg\" alt=\"\" class=\"wp-image-974\" width=\"236\" height=\"197\" srcset=\"https:\/\/lasenia.cat\/web\/wp-content\/uploads\/2021\/03\/diputacio.jpg 480w, https:\/\/lasenia.cat\/web\/wp-content\/uploads\/2021\/03\/diputacio-300x250.jpg 300w\" sizes=\"auto, (max-width: 236px) 100vw, 236px\" \/><\/figure>\n","protected":false},"excerpt":{"rendered":"<p>S&#8217;ha portat a terme l&#8217;actuaci\u00f3 de la pavimentaci\u00f3 amb aglomerat asfaltic dels camins agr\u00edcoles afectats pel temporal Gl\u00f2ria, concretament al<\/p>\n","protected":false},"author":1,"featured_media":1483,"comment_status":"closed","ping_status":"closed","sticky":false,"template":"","format":"standard","meta":{"colormag_page_container_layout":"default_layout","colormag_page_sidebar_layout":"default_layout","footnotes":""},"categories":[1],"tags":[],"class_list":["post-1474","post","type-post","status-publish","format-standard","has-post-thumbnail","hentry","category-general"],"_links":{"self":[{"href":"https:\/\/lasenia.cat\/web\/wp-json\/wp\/v2\/posts\/1474","targetHints":{"allow":["GET"]}}],"collection":[{"href":"https:\/\/lasenia.cat\/web\/wp-json\/wp\/v2\/posts"}],"about":[{"href":"https:\/\/lasenia.cat\/web\/wp-json\/wp\/v2\/types\/post"}],"author":[{"embeddable":true,"href":"https:\/\/lasenia.cat\/web\/wp-json\/wp\/v2\/users\/1"}],"replies":[{"embeddable":true,"href":"https:\/\/lasenia.cat\/web\/wp-json\/wp\/v2\/comments?post=1474"}],"version-history":[{"count":3,"href":"https:\/\/lasenia.cat\/web\/wp-json\/wp\/v2\/posts\/1474\/revisions"}],"predecessor-version":[{"id":1484,"href":"https:\/\/lasenia.cat\/web\/wp-json\/wp\/v2\/posts\/1474\/revisions\/1484"}],"wp:featuredmedia":[{"embeddable":true,"href":"https:\/\/lasenia.cat\/web\/wp-json\/wp\/v2\/media\/1483"}],"wp:attachment":[{"href":"https:\/\/lasenia.cat\/web\/wp-json\/wp\/v2\/media?parent=1474"}],"wp:term":[{"taxonomy":"category","embeddable":true,"href":"https:\/\/lasenia.cat\/web\/wp-json\/wp\/v2\/categories?post=1474"},{"taxonomy":"post_tag","embeddable":true,"href":"https:\/\/lasenia.cat\/web\/wp-json\/wp\/v2\/tags?post=1474"}],"curies":[{"name":"wp","href":"https:\/\/api.w.org\/{rel}","templated":true}]}}