{"id":1437,"date":"2021-09-02T12:53:20","date_gmt":"2021-09-02T11:53:20","guid":{"rendered":"http:\/\/lasenia.cat\/web\/?p=1437"},"modified":"2021-09-02T12:58:57","modified_gmt":"2021-09-02T11:58:57","slug":"la-senia-celebrara-la-xiii-fira-dartesania-el-proxim-mes-doctubre","status":"publish","type":"post","link":"https:\/\/lasenia.cat\/web\/2021\/09\/02\/la-senia-celebrara-la-xiii-fira-dartesania-el-proxim-mes-doctubre\/","title":{"rendered":"La S\u00e9nia celebrar\u00e0 la XIII Fira d&#8217;Artesania el pr\u00f2xim mes d&#8217;octubre"},"content":{"rendered":"\n<p>L&#8217;Ajuntament de la S\u00e9nia ha anunciat la celebraci\u00f3 de la tretzena edici\u00f3 de la Fira d&#8217;Artesania, Fusta i Moble de la poblaci\u00f3. Enmarcat en aquesta mateixa fira tamb\u00e9 es realitza la vuitena edici\u00f3 de la festa del moble. En aquesta trobada, fabricants, artesans i persones involucrades en la hist\u00f2ria del moble i la fusta a la S\u00e9nia recorden el que ha estat un dels motors principals de l&#8217;economia de la localitat.<\/p>\n\n\n\n<p>Podeu trobar tota la informaci\u00f3 sobre la fira <a href=\"https:\/\/lasenia.cat\/web\/fira-de-lartesania-de-la-fusta-i-el-moble\/\" data-type=\"URL\" data-id=\"https:\/\/lasenia.cat\/web\/fira-de-lartesania-de-la-fusta-i-el-moble\/\">AQU\u00cd<\/a><\/p>\n\n\n\n<figure class=\"wp-block-image size-large\"><img loading=\"lazy\" decoding=\"async\" width=\"724\" height=\"1024\" src=\"https:\/\/lasenia.cat\/web\/wp-content\/uploads\/2021\/09\/CARTELL-XIII-FIRA-ARTESANIA-724x1024.jpg\" alt=\"Fira Artesania La S\u00e9nia 2021\" class=\"wp-image-1438\" srcset=\"https:\/\/lasenia.cat\/web\/wp-content\/uploads\/2021\/09\/CARTELL-XIII-FIRA-ARTESANIA-724x1024.jpg 724w, https:\/\/lasenia.cat\/web\/wp-content\/uploads\/2021\/09\/CARTELL-XIII-FIRA-ARTESANIA-212x300.jpg 212w, https:\/\/lasenia.cat\/web\/wp-content\/uploads\/2021\/09\/CARTELL-XIII-FIRA-ARTESANIA-768x1086.jpg 768w, https:\/\/lasenia.cat\/web\/wp-content\/uploads\/2021\/09\/CARTELL-XIII-FIRA-ARTESANIA-1086x1536.jpg 1086w, https:\/\/lasenia.cat\/web\/wp-content\/uploads\/2021\/09\/CARTELL-XIII-FIRA-ARTESANIA-1448x2048.jpg 1448w, https:\/\/lasenia.cat\/web\/wp-content\/uploads\/2021\/09\/CARTELL-XIII-FIRA-ARTESANIA-scaled.jpg 1810w\" sizes=\"auto, (max-width: 724px) 100vw, 724px\" \/><\/figure>\n","protected":false},"excerpt":{"rendered":"<p>L&#8217;Ajuntament de la S\u00e9nia ha anunciat la celebraci\u00f3 de la tretzena edici\u00f3 de la Fira d&#8217;Artesania, Fusta i Moble de<\/p>\n","protected":false},"author":1,"featured_media":1441,"comment_status":"closed","ping_status":"closed","sticky":false,"template":"","format":"standard","meta":{"colormag_page_container_layout":"default_layout","colormag_page_sidebar_layout":"default_layout","footnotes":""},"categories":[119,1],"tags":[],"class_list":["post-1437","post","type-post","status-publish","format-standard","has-post-thumbnail","hentry","category-actualitat","category-general"],"_links":{"self":[{"href":"https:\/\/lasenia.cat\/web\/wp-json\/wp\/v2\/posts\/1437","targetHints":{"allow":["GET"]}}],"collection":[{"href":"https:\/\/lasenia.cat\/web\/wp-json\/wp\/v2\/posts"}],"about":[{"href":"https:\/\/lasenia.cat\/web\/wp-json\/wp\/v2\/types\/post"}],"author":[{"embeddable":true,"href":"https:\/\/lasenia.cat\/web\/wp-json\/wp\/v2\/users\/1"}],"replies":[{"embeddable":true,"href":"https:\/\/lasenia.cat\/web\/wp-json\/wp\/v2\/comments?post=1437"}],"version-history":[{"count":1,"href":"https:\/\/lasenia.cat\/web\/wp-json\/wp\/v2\/posts\/1437\/revisions"}],"predecessor-version":[{"id":1439,"href":"https:\/\/lasenia.cat\/web\/wp-json\/wp\/v2\/posts\/1437\/revisions\/1439"}],"wp:featuredmedia":[{"embeddable":true,"href":"https:\/\/lasenia.cat\/web\/wp-json\/wp\/v2\/media\/1441"}],"wp:attachment":[{"href":"https:\/\/lasenia.cat\/web\/wp-json\/wp\/v2\/media?parent=1437"}],"wp:term":[{"taxonomy":"category","embeddable":true,"href":"https:\/\/lasenia.cat\/web\/wp-json\/wp\/v2\/categories?post=1437"},{"taxonomy":"post_tag","embeddable":true,"href":"https:\/\/lasenia.cat\/web\/wp-json\/wp\/v2\/tags?post=1437"}],"curies":[{"name":"wp","href":"https:\/\/api.w.org\/{rel}","templated":true}]}}