{"id":1400,"date":"2021-08-17T08:05:31","date_gmt":"2021-08-17T07:05:31","guid":{"rendered":"http:\/\/lasenia.cat\/web\/?p=1400"},"modified":"2021-08-21T11:04:45","modified_gmt":"2021-08-21T10:04:45","slug":"inscripcio-actes-festes-majors-2021","status":"publish","type":"post","link":"https:\/\/lasenia.cat\/web\/2021\/08\/17\/inscripcio-actes-festes-majors-2021\/","title":{"rendered":"Inscripci\u00f3 Actes Festes Majors 2021"},"content":{"rendered":"\n<p>Programa de festes <a href=\"https:\/\/bit.ly\/37ZiMkn\" target=\"_blank\" rel=\"noreferrer noopener\">https:\/\/bit.ly\/37ZiMkn<\/a><\/p>\n\n\n\n<p><\/p>\n\n\n\n<p><strong>Dissabte 21<\/strong><\/p>\n\n\n\n<p>ACTUACI\u00d3 INFANTIL A C\u00c0RREC DEL GRUP TOPPLAY PERFORMANCE DISSABTE 21 D&#8217;AGOST A LES 11h A LA PLA\u00c7A MAJOR<br><a href=\"https:\/\/forms.gle\/ikDkDq5GdibTWaZz9\">https:\/\/forms.gle\/ikDkDq5GdibTWaZz9<\/a><\/p>\n\n\n\n<p>PROCLAMACI\u00d3 DE PUBILLES, DAMES I ACOMPANYANTS 2020 &#8211; 2021<br>21 D&#8217;AGOST A LES 20.30 h AL CAMP DE FUTBOL MUNICIPAL<br><a href=\"https:\/\/forms.gle\/YifmDymxUbbR9nEx7\">https:\/\/forms.gle\/YifmDymxUbbR9nEx7<\/a><\/p>\n\n\n\n<p><strong>Diumenge 22<\/strong><\/p>\n\n\n\n<p>ACTE SOCIAL EN HONOR ALS SENIENCS I SENIENQUES ABSENTS DIUMENGE 22 D&#8217;AGOST A LES 13.00 h AL PARC MUNICIPAL<br><a href=\"https:\/\/forms.gle\/M99c4h62jt8PBYDQ7\">https:\/\/forms.gle\/M99c4h62jt8PBYDQ7<\/a><\/p>\n\n\n\n<p>BOUS A LA PLA\u00c7A DEL CLOT DE PEDRENYA<br>DIUMENGE 22 D&#8217;AGOST A LES 18.00 h<br>ZONA DE BAIX DELS CADAFALS<br><a href=\"https:\/\/forms.gle\/FvVG9bwDb91yoL199\">https:\/\/forms.gle\/FvVG9bwDb91yoL199<\/a><\/p>\n\n\n\n<p><strong>Dilluns 23<\/strong><\/p>\n\n\n\n<p>Homenatge la Dona Senienca&nbsp;(dilluns 23 d&#8217;agost a les 13 h al Parc Municipal):&nbsp;<\/p>\n\n\n\n<p><a rel=\"noreferrer noopener\" href=\"https:\/\/forms.gle\/o7WXPuxe68n8hLk4A\" target=\"_blank\">forms.gle<\/a><\/p>\n\n\n\n<p>&#8211;&nbsp;Bous a la pla\u00e7a &#8211; zona de baix dels cadafals&nbsp;(dilluns 23 d&#8217;agost a les 18 h a la pla\u00e7a de bous del Clot de Pedrenya):<\/p>\n\n\n\n<p>&nbsp;<a rel=\"noreferrer noopener\" href=\"https:\/\/forms.gle\/6gJTgUGym3T7C84D8\" target=\"_blank\">forms.gle<\/a><\/p>\n\n\n\n<p>&#8211;&nbsp;Actuaci\u00f3 de &#8220;Pop Ladies&#8221;&nbsp;(dilluns 23 d&#8217;agost a les 23 h al Parc Municipal):<\/p>\n\n\n\n<p>&nbsp;<a rel=\"noreferrer noopener\" href=\"https:\/\/forms.gle\/gqAp9sinUDqdbrDr5\" target=\"_blank\">forms.gle<\/a><\/p>\n\n\n\n<p><strong>Dimarts 24<\/strong><\/p>\n\n\n\n<p>&#8211;&nbsp;Exhibici\u00f3 de for\u00e7a a c\u00e0rrec de Joan Ferr\u00e9&nbsp;(dimarts 24 d&#8217;agost a les 18 h al Pavell\u00f3 Polivalent):&nbsp;<a href=\"https:\/\/forms.gle\/xoRQ2ZfdobWCjsBY8\" target=\"_blank\" rel=\"noreferrer noopener\">forms.gle<\/a><\/p>\n\n\n\n<p>&#8211;&nbsp;Espectacle &#8220;Maestros de la magia&#8221;&nbsp;(dimarts 24 d&#8217;agost a les 22.30 h al Parc Municipal):&nbsp;<a rel=\"noreferrer noopener\" href=\"https:\/\/forms.gle\/GrwW4qPSRc6Bvh4U8\" target=\"_blank\">forms.gle<\/a><\/p>\n\n\n\n<p><strong>Dimecres 25<\/strong><\/p>\n\n\n\n<p>&#8211;&nbsp;Bous a la pla\u00e7a&nbsp;&#8211; zona de baix dels cadafals (dimecres 25 d&#8217;agost a les 18 h a la pla\u00e7a de bous del Clot de Pedrenya):&nbsp;<a href=\"https:\/\/forms.gle\/DFgfn3Hw8Hjrh698A\" target=\"_blank\" rel=\"noreferrer noopener\">forms.gle<\/a><\/p>\n\n\n\n<p>&#8211;&nbsp;Concert de l&#8217;orquestra ALASKA ON TOUR&nbsp;(dimecres 25 d&#8217;agost a les 20 h al Parc Municipal):&nbsp;<a href=\"https:\/\/forms.gle\/XsEGVAv7P2VY2gAMA\" target=\"_blank\" rel=\"noreferrer noopener\">forms.gle<\/a><\/p>\n\n\n\n<p>&#8211;&nbsp;Actuaci\u00f3 &#8220;Musical \u00cddolos&#8221;&nbsp;(dimecres 25 d&#8217;agost a les 22.30 h al Parc Municipal):&nbsp;<a rel=\"noreferrer noopener\" href=\"https:\/\/forms.gle\/LQiXqXroRGuCVsea6\" target=\"_blank\">forms.gle<\/a><\/p>\n\n\n\n<p><strong>Dijous 26<\/strong><\/p>\n\n\n\n<p>&#8211;&nbsp;Projecci\u00f3 de la pel\u00b7l\u00edcula \u201cLas aventuras del Doctor Dolittle\u201d&nbsp;(dijous 26 d&#8217;agost a les 18.00 h al Parc Municipal):&nbsp;<a href=\"https:\/\/forms.gle\/YUAvS6xnjaoz1WKS9\" target=\"_blank\" rel=\"noreferrer noopener\">forms.gle<\/a><\/p>\n\n\n\n<p>&#8211;&nbsp;Concert de Laura Guarch &amp; Chris Murphy&nbsp;(dijous 26 d&#8217;agost a les 19.00 h a l&#8217;auditori del Centre Obrer):&nbsp;<a href=\"https:\/\/forms.gle\/PugRJgXe6uWSr3Mh8\" target=\"_blank\" rel=\"noreferrer noopener\">forms.gle<\/a><\/p>\n\n\n\n<p>&#8211;&nbsp;Concert del grup \u201cEmpopados\u201d&nbsp;(dijous 26 d&#8217;agost a les 22.00 h al pati de les Escoles Noves):&nbsp;<a href=\"https:\/\/forms.gle\/eiyqae2N2fqkUMgf8\" target=\"_blank\" rel=\"noreferrer noopener\">forms.gle<\/a><\/p>\n\n\n\n<p>&#8211; Projecci\u00f3 de la pel\u00b7l\u00edcula \u201cAd\u00fa\u201d (dijous 26 d&#8217;agost a les 23.00 h al Parc Municipal):&nbsp;<a href=\"https:\/\/forms.gle\/B2tWhSanQ8GDAkcA8\" target=\"_blank\" rel=\"noreferrer noopener\">forms.gle<\/a><\/p>\n\n\n\n<p><strong>Divendres 27<\/strong><\/p>\n\n\n\n<p>&#8211;&nbsp;Espectacle infantil &#8220;SPIDER SHOW&#8221;&nbsp;(divendres 27 d&#8217;agost a les 12.00 h al Parc Municipal):&nbsp;<a href=\"https:\/\/forms.gle\/AufJuaLDWWtjwjP68\" target=\"_blank\" rel=\"noreferrer noopener\">forms.gle<\/a><\/p>\n\n\n\n<p>&#8211;&nbsp;Bous a la pla\u00e7a &#8211; zona de baix dels cadafals&nbsp;(divendres 27 d&#8217;agost a les 18 h a la pla\u00e7a de bous del Clot de Pedrenya):&nbsp;<a href=\"https:\/\/forms.gle\/rEhFJUb4kf2uEt368\" target=\"_blank\" rel=\"noreferrer noopener\">forms.gle<\/a><\/p>\n\n\n\n<p>&#8211;&nbsp;Concert de l&#8217;orquestra JUNIOR&#8217;S &#8211; &#8220;Musical de musicales&#8221;&nbsp;(divendres 27 d&#8217;agost a les 20 h al Parc Municipal):&nbsp;<a href=\"https:\/\/forms.gle\/qemX8wMCnL6dH9s36\" target=\"_blank\" rel=\"noreferrer noopener\">forms.gle<\/a><\/p>\n\n\n\n<p>&#8211;\u00a0Espectacle musical &#8220;CONNEXI\u00d3 DELTA&#8221;\u00a0(divendres 27 d&#8217;agost a les 23.00 h al Parc Municipal):\u00a0<a rel=\"noreferrer noopener\" href=\"https:\/\/forms.gle\/VHkBR8UvhE6sp8x16\" target=\"_blank\">forms.gle<\/a><\/p>\n\n\n\n<p><strong>Dissabte 28<\/strong><\/p>\n\n\n\n<p>&#8211;&nbsp;Concert de l&#8217;Orquestra Europa&nbsp;(dissabte 28 d&#8217;agost a les 20.00 h al Parc Municipal):&nbsp;<a href=\"https:\/\/forms.gle\/eDjMvy5ccQ3XB1j4A\" target=\"_blank\" rel=\"noreferrer noopener\">forms.gle<\/a><\/p>\n\n\n\n<p>&#8211;&nbsp;Teatre &#8220;Es pronuncia cam\u00ed&#8221;&nbsp;(dissabte 28 d&#8217;agost a les 22.00 h a la Casa Cultura):&nbsp;<a href=\"https:\/\/forms.gle\/Sq5AjKJHFjgJSTRCA\" target=\"_blank\" rel=\"noreferrer noopener\">forms.gle<\/a><\/p>\n\n\n\n<p>&#8211;\u00a0Concert\u00a0de l&#8217;Orquestra Europa\u00a0(dissabte 28 d&#8217;agost a les 22.30 h al Parc Municipal):\u00a0<a rel=\"noreferrer noopener\" href=\"https:\/\/forms.gle\/J48qJDLC7kqsEt2f8\" target=\"_blank\">forms.gle<\/a><\/p>\n\n\n\n<p><strong>Diumenge 29<\/strong><\/p>\n\n\n\n<p>&#8211;&nbsp;Espectacle infantil &#8220;LES VENJADORES&#8221;&nbsp;(diumenge 29 d&#8217;agost a les 12.00 h al Parc Municipal):&nbsp;<a href=\"https:\/\/forms.gle\/uvrkRX5av6Lbeyxx5\" target=\"_blank\" rel=\"noreferrer noopener\">forms.gle<\/a><\/p>\n\n\n\n<p>&#8211;&nbsp;Cantada d&#8217;havaneres amb el grup&nbsp;&#8220;BORINQUEN&#8221;&nbsp;(diumenge 29 d&#8217;agost a les&nbsp;22.00 h al Parc Municipal):&nbsp;<a href=\"https:\/\/forms.gle\/8w4raWKgKb4jiyyq5\" target=\"_blank\" rel=\"noreferrer noopener\">forms.gle<\/a><\/p>\n","protected":false},"excerpt":{"rendered":"<p>Programa de festes https:\/\/bit.ly\/37ZiMkn Dissabte 21 ACTUACI\u00d3 INFANTIL A C\u00c0RREC DEL GRUP TOPPLAY PERFORMANCE DISSABTE 21 D&#8217;AGOST A LES 11h<\/p>\n","protected":false},"author":1,"featured_media":1401,"comment_status":"closed","ping_status":"closed","sticky":false,"template":"","format":"standard","meta":{"colormag_page_container_layout":"default_layout","colormag_page_sidebar_layout":"default_layout","footnotes":""},"categories":[1],"tags":[],"class_list":["post-1400","post","type-post","status-publish","format-standard","has-post-thumbnail","hentry","category-general"],"_links":{"self":[{"href":"https:\/\/lasenia.cat\/web\/wp-json\/wp\/v2\/posts\/1400","targetHints":{"allow":["GET"]}}],"collection":[{"href":"https:\/\/lasenia.cat\/web\/wp-json\/wp\/v2\/posts"}],"about":[{"href":"https:\/\/lasenia.cat\/web\/wp-json\/wp\/v2\/types\/post"}],"author":[{"embeddable":true,"href":"https:\/\/lasenia.cat\/web\/wp-json\/wp\/v2\/users\/1"}],"replies":[{"embeddable":true,"href":"https:\/\/lasenia.cat\/web\/wp-json\/wp\/v2\/comments?post=1400"}],"version-history":[{"count":6,"href":"https:\/\/lasenia.cat\/web\/wp-json\/wp\/v2\/posts\/1400\/revisions"}],"predecessor-version":[{"id":1426,"href":"https:\/\/lasenia.cat\/web\/wp-json\/wp\/v2\/posts\/1400\/revisions\/1426"}],"wp:featuredmedia":[{"embeddable":true,"href":"https:\/\/lasenia.cat\/web\/wp-json\/wp\/v2\/media\/1401"}],"wp:attachment":[{"href":"https:\/\/lasenia.cat\/web\/wp-json\/wp\/v2\/media?parent=1400"}],"wp:term":[{"taxonomy":"category","embeddable":true,"href":"https:\/\/lasenia.cat\/web\/wp-json\/wp\/v2\/categories?post=1400"},{"taxonomy":"post_tag","embeddable":true,"href":"https:\/\/lasenia.cat\/web\/wp-json\/wp\/v2\/tags?post=1400"}],"curies":[{"name":"wp","href":"https:\/\/api.w.org\/{rel}","templated":true}]}}