{"id":1374,"date":"2021-07-30T14:41:21","date_gmt":"2021-07-30T13:41:21","guid":{"rendered":"http:\/\/lasenia.cat\/web\/?p=1374"},"modified":"2021-07-30T14:41:26","modified_gmt":"2021-07-30T13:41:26","slug":"anunci","status":"publish","type":"post","link":"https:\/\/lasenia.cat\/web\/2021\/07\/30\/anunci\/","title":{"rendered":"ANUNCI"},"content":{"rendered":"\n<p>Acord del Ple de data 28 de juny de 2021 de l&#8217;Ajuntament de La S\u00e9nia pel qual s&#8217;aprova&nbsp;inicialment la modificaci\u00f3 del Reglament Org\u00e0nic Municipal (ROM), introduint la Disposici\u00f3 Addicional Segona.<\/p>\n\n\n\n<p><strong><em>\u201cDISPOSICI\u00d3 ADDICIONAL 2A. ASSIST\u00c8NCIA I CONVOCAT\u00d2RIA TELEM\u00c0TICA DE LES SESSIONS I VOTACI\u00d3 REMOTA PER MITJANS ELECTR\u00d2NICS.<\/em><\/strong><\/p>\n\n\n\n<p><em>1. Els regidors i regidores en situaci\u00f3 de baixa, perm\u00eds o situaci\u00f3 assimilada per maternitat, paternitat, embar\u00e0s o malaltia greu que impedeixi la seva assist\u00e8ncia a la sessi\u00f3, durant el per\u00edode del seu gaudi o vig\u00e8ncia, podran acollir-se a la possibilitat d\u2019assistir de forma telem\u00e0tica a les sessions dels diferents \u00f2rgans col\u00b7legiats municipals i de votar-hi remotament per mitjans electr\u00f2nics, de conformitat amb all\u00f2 que s\u2019estableix en la present disposici\u00f3.<\/em><\/p>\n\n\n\n<p><em>2. El procediment s\u2019iniciar\u00e0 a sol\u00b7licitud de la persona interessada mitjan\u00e7ant escrit adre\u00e7at a l\u2019Alcaldia i presentat a la Secretaria, acompanyat de l\u2019acreditaci\u00f3 de la baixa, perm\u00eds o situaci\u00f3 assimilada per maternitat, paternitat, embar\u00e0s o malaltia greu que impedeixi la seva assist\u00e8ncia a la sessi\u00f3 i de la seva durada, amb una antelaci\u00f3 m\u00ednima de 24 hores a l\u2019inici de la sessi\u00f3.<\/em><\/p>\n\n\n\n<p><em>3. Un cop justificada documentalment la circumst\u00e0ncia habilitant per acollir-se a la possibilitat contemplada en el n\u00famero 1 anterior, no obstant aix\u00f2, el regidor o regidora en qui concorri podr\u00e0 no fer-ne \u00fas, assistint presencialment a la sessi\u00f3 en el lloc on aquesta se celebri.<\/em><\/p>\n\n\n\n<p><em>4. El sistema d\u2019assist\u00e8ncia telem\u00e0tica i de votaci\u00f3 remota estar\u00e0 sota el control de l\u2019Alcalde\/ssa i de la Secretaria i haur\u00e0 de complir els requisits i respectar els principis recollits en les Lleis 39 i 40\/2015, d\u20191 d\u2019octubre, en especial els de seguretat i accessibilitat.<\/em><\/p>\n\n\n\n<p><em>5. Correspon a l\u2019Alcalde\/essa vetllar perqu\u00e8 aquelles persones que assisteixin telem\u00e0ticament al desenvolupament de la sessi\u00f3 puguin exercir els seus drets d\u2019igual manera a com ho farien si hi estiguessin presents f\u00edsicament i, en particular, els de votaci\u00f3 remota per mitjans electr\u00f2nics, formular observacions a l\u2019acta, intervenir en els debats, plantejar q\u00fcestions d\u2019ordre, demanar la retirada d\u2019un assumpte o que resti sobre la taula i el de respondre a al\u00b7lusions.<\/em><\/p>\n\n\n\n<p><em>6. Els diferents \u00f2rgans col\u00b7legiats de l\u2019Ajuntament de la S\u00e9nia&nbsp;poden constituir-se, convocar i celebrar sessions, adoptar acords i remetre actes a dist\u00e0ncia, quan concorrin situacions de for\u00e7a major, situacions de greu risc col\u00b7lectiu, cat\u00e0strofe, calamitats p\u00fabliques i\/o quan l\u2019Alcaldia ho consideri necessari, sota justificaci\u00f3 pertinent. A aquests efectes, la convocat\u00f2ria per part de la Secretaria, seguint les ordres de l\u2019Alcaldia, haur\u00e0 de motivar la concurr\u00e8ncia o manteniment de la situaci\u00f3 que justifica excepcionalment la celebraci\u00f3 a dist\u00e0ncia.<\/em><\/p>\n\n\n\n<p><em>En les sessions que es celebrin a dist\u00e0ncia, les persones membres de l\u2019\u00f2rgan col\u00b7legiat i la Secretaria de l\u2019Ajuntament poden trobar-se en diferents llocs, sempre que s&#8217;asseguri per mitjans electr\u00f2nics, considerant tamb\u00e9 com els telef\u00f2nics i audiovisuals, la identitat dels membres, el contingut de les seves manifestacions i el moment en qu\u00e8 aquestes es produeixen, aix\u00ed com la interactivitat i intercomunicaci\u00f3 entre ells en temps real i la disponibilitat dels mitjans durant la sessi\u00f3.<\/em><\/p>\n\n\n\n<p><em>Els mitjans electr\u00f2nics emprats han de garantir que no es produeixin interfer\u00e8ncies externes, la seguretat de les persones membres, el manteniment del qu\u00f2rum de constituci\u00f3, la llibertat en la participaci\u00f3 en els debats i deliberacions, i el secret d&#8217;aquestes quan s\u2019escaigui.\u201d<\/em><\/p>\n\n\n\n<p>Aprovada inicialment&nbsp;la modificaci\u00f3 del Reglament Org\u00e0nic Municipal (ROM), introduint la Disposici\u00f3 Addicional Segona,&nbsp;per Acord del Ple de data 28 de juny de 2021, de conformitat amb els articles 22.2.d) i 49 de la Llei 7\/1985, de&nbsp;2 d&#8217;abril, Reguladora de les Bases del R\u00e8gim Local, 178 del Text Ref\u00f3s de la Llei Municipal i de R\u00e8gim Local de Catalunya aprovat per Decret Legislatiu 2\/2003, de&nbsp;28 d&#8217;abril, i 63 del Reglament d&#8217;Obres, Activitats i Serveis de les Entitats Locals aprovat per Decret 179\/1995, de 13 de juny, se sotmet l&#8217;expedient a informaci\u00f3 p\u00fablica pel termini de trenta dies, a comptar des de l&#8217;endem\u00e0 de la seva publicaci\u00f3 mitjan\u00e7ant anunci en el Butllet\u00ed Oficial de la Prov\u00edncia, i al Diari Oficial de la Generalitat de Catalunya<em>,&nbsp;<\/em>perqu\u00e8 aquests puguin examinar l\u2019expedient i formular les reclamacions i suggeriments que estimin pertinents.&nbsp;<\/p>\n\n\n\n<p>De no presentar-se reclamacions o suggeriments en l\u2019esmentat termini, es considerar\u00e0 aprovat definitivament sense necessitat d\u2019un nou acord expr\u00e9s pel Ple.<em>&nbsp;<\/em>Durant dit termini podr\u00e0 ser examinat per qualsevol interessat perqu\u00e8 es formulin les al\u00b7legacions que s&#8217;estimin pertinents.<\/p>\n\n\n\n<p>L\u2019alcalde,&nbsp;<\/p>\n\n\n\n<p>Jos\u00e9 Ram\u00f3n Bellaub\u00ed Caballer<\/p>\n","protected":false},"excerpt":{"rendered":"<p>Acord del Ple de data 28 de juny de 2021 de l&#8217;Ajuntament de La S\u00e9nia pel qual s&#8217;aprova&nbsp;inicialment la modificaci\u00f3<\/p>\n","protected":false},"author":1,"featured_media":0,"comment_status":"closed","ping_status":"closed","sticky":false,"template":"","format":"standard","meta":{"colormag_page_container_layout":"default_layout","colormag_page_sidebar_layout":"default_layout","footnotes":""},"categories":[1],"tags":[],"class_list":["post-1374","post","type-post","status-publish","format-standard","hentry","category-general"],"_links":{"self":[{"href":"https:\/\/lasenia.cat\/web\/wp-json\/wp\/v2\/posts\/1374","targetHints":{"allow":["GET"]}}],"collection":[{"href":"https:\/\/lasenia.cat\/web\/wp-json\/wp\/v2\/posts"}],"about":[{"href":"https:\/\/lasenia.cat\/web\/wp-json\/wp\/v2\/types\/post"}],"author":[{"embeddable":true,"href":"https:\/\/lasenia.cat\/web\/wp-json\/wp\/v2\/users\/1"}],"replies":[{"embeddable":true,"href":"https:\/\/lasenia.cat\/web\/wp-json\/wp\/v2\/comments?post=1374"}],"version-history":[{"count":1,"href":"https:\/\/lasenia.cat\/web\/wp-json\/wp\/v2\/posts\/1374\/revisions"}],"predecessor-version":[{"id":1375,"href":"https:\/\/lasenia.cat\/web\/wp-json\/wp\/v2\/posts\/1374\/revisions\/1375"}],"wp:attachment":[{"href":"https:\/\/lasenia.cat\/web\/wp-json\/wp\/v2\/media?parent=1374"}],"wp:term":[{"taxonomy":"category","embeddable":true,"href":"https:\/\/lasenia.cat\/web\/wp-json\/wp\/v2\/categories?post=1374"},{"taxonomy":"post_tag","embeddable":true,"href":"https:\/\/lasenia.cat\/web\/wp-json\/wp\/v2\/tags?post=1374"}],"curies":[{"name":"wp","href":"https:\/\/api.w.org\/{rel}","templated":true}]}}