{"id":1364,"date":"2021-07-30T12:43:53","date_gmt":"2021-07-30T11:43:53","guid":{"rendered":"http:\/\/lasenia.cat\/web\/?p=1364"},"modified":"2021-07-30T12:59:31","modified_gmt":"2021-07-30T11:59:31","slug":"oferta-treball-agent-civic","status":"publish","type":"post","link":"https:\/\/lasenia.cat\/web\/2021\/07\/30\/oferta-treball-agent-civic\/","title":{"rendered":"Oferta treball &#8211; Agent C\u00edvic"},"content":{"rendered":"\n<p><strong>OFERTA DE TREBALL AGENTS C\u00cdVICS \u2013 FESTES MAJORS 2021<\/strong><\/p>\n\n\n\n<p><strong>Contracte:<\/strong> <br>Temporal (10 dies).<br> Jornada completa.<br>Del 21 d\u2019agost de 2021 al 31 d\u2019agost de 2021.<br><br><strong>TASQUES<\/strong><\/p>\n\n\n\n<p>Tasques de control d\u2019acc\u00e9s als espais municipals.<br>Promoure el civisme als espais i serveis p\u00fablics entre els ciutadans.<br>Informar a la poblaci\u00f3 de les mesures de seguretat.<br>Recordar a la ciutadania que s\u2019han de mantenir les dist\u00e0ncies, l\u2019\u00fas de les mascaretes i altres aspectes.<br><br><strong>Documentaci\u00f3 obligat\u00f2ria a presentar:<\/strong><br>Curr\u00edculum vitae &#8211; DNI<br><strong><br>Termini de presentaci\u00f3 de sol\u00b7licituds:<\/strong><br>Del 30 de juliol al 9 d\u2019agost de 2021<br><br><strong>Lloc de presentaci\u00f3 de sol\u00b7licituds:<\/strong><br>Preferentment a trav\u00e9s de la seu electr\u00f2nica de l\u2019Ajuntament, tr\u00e0mits destacats, fent constar Exp. n\u00fam. 1149\/2021 i adjuntant la documentaci\u00f3 requerida.<br><br><a rel=\"noreferrer noopener\" href=\"https:\/\/lasenia.eadministracio.cat\/dossier.2?x=8kTEhPExmrxh*zatHzGkLbGZIyikJ*fM7o0h8OrOTZzpCO1JybR1V6mDqFaCLq8EKIfBcsQ58Hl8nyuV*n83UOZYlgZwuIMa\" data-type=\"URL\" data-id=\"https:\/\/lasenia.eadministracio.cat\/dossier.2?x=8kTEhPExmrxh*zatHzGkLbGZIyikJ*fM7o0h8OrOTZzpCO1JybR1V6mDqFaCLq8EKIfBcsQ58Hl8nyuV*n83UOZYlgZwuIMa\" target=\"_blank\">Sol\u00b7licitud per formar part del proc\u00e9s de selecci\u00f3 d&#8217;agents c\u00edvics, per a les Festes Majors 2021.<\/a><br>Tamb\u00e9 podeu presentar la inst\u00e0ncia, amb la documentaci\u00f3, al registre d\u2019entrada de l\u2019Ajuntament. Lloc: PAC &#8211; Punt d\u2019Atenci\u00f3 a la Ciutadania (Ps. de la Clotada, 7 \u2013 Planta baixa).<br><br><strong>Consultes:<\/strong><br>aquerol@lasenia.cat<\/p>\n","protected":false},"excerpt":{"rendered":"<p>OFERTA DE TREBALL AGENTS C\u00cdVICS \u2013 FESTES MAJORS 2021 Contracte: Temporal (10 dies). Jornada completa.Del 21 d\u2019agost de 2021 al<\/p>\n","protected":false},"author":1,"featured_media":0,"comment_status":"closed","ping_status":"closed","sticky":false,"template":"","format":"standard","meta":{"colormag_page_container_layout":"default_layout","colormag_page_sidebar_layout":"default_layout","footnotes":""},"categories":[1],"tags":[],"class_list":["post-1364","post","type-post","status-publish","format-standard","hentry","category-general"],"_links":{"self":[{"href":"https:\/\/lasenia.cat\/web\/wp-json\/wp\/v2\/posts\/1364","targetHints":{"allow":["GET"]}}],"collection":[{"href":"https:\/\/lasenia.cat\/web\/wp-json\/wp\/v2\/posts"}],"about":[{"href":"https:\/\/lasenia.cat\/web\/wp-json\/wp\/v2\/types\/post"}],"author":[{"embeddable":true,"href":"https:\/\/lasenia.cat\/web\/wp-json\/wp\/v2\/users\/1"}],"replies":[{"embeddable":true,"href":"https:\/\/lasenia.cat\/web\/wp-json\/wp\/v2\/comments?post=1364"}],"version-history":[{"count":5,"href":"https:\/\/lasenia.cat\/web\/wp-json\/wp\/v2\/posts\/1364\/revisions"}],"predecessor-version":[{"id":1373,"href":"https:\/\/lasenia.cat\/web\/wp-json\/wp\/v2\/posts\/1364\/revisions\/1373"}],"wp:attachment":[{"href":"https:\/\/lasenia.cat\/web\/wp-json\/wp\/v2\/media?parent=1364"}],"wp:term":[{"taxonomy":"category","embeddable":true,"href":"https:\/\/lasenia.cat\/web\/wp-json\/wp\/v2\/categories?post=1364"},{"taxonomy":"post_tag","embeddable":true,"href":"https:\/\/lasenia.cat\/web\/wp-json\/wp\/v2\/tags?post=1364"}],"curies":[{"name":"wp","href":"https:\/\/api.w.org\/{rel}","templated":true}]}}