{"id":1358,"date":"2021-07-21T22:12:03","date_gmt":"2021-07-21T21:12:03","guid":{"rendered":"http:\/\/lasenia.cat\/web\/?p=1358"},"modified":"2021-09-02T12:57:17","modified_gmt":"2021-09-02T11:57:17","slug":"1358","status":"publish","type":"post","link":"https:\/\/lasenia.cat\/web\/2021\/07\/21\/1358\/","title":{"rendered":"Presentaci\u00f3 d&#8217;ofertes per execuci\u00f3 d&#8217;obres de millora a l&#8217;Ajuntament"},"content":{"rendered":"\n\n\n<p>L\u2019ajuntament de la S\u00e9nia t\u00e9 previst publicar en breu l\u2019anunci de licitaci\u00f3 per a la presentaci\u00f3 d\u2019ofertes per a l\u2019execuci\u00f3 de les&nbsp;<strong>OBRES DE REDISTRIBUCI\u00d3 I MILLORA DE L\u2019EDIFICI DE L\u2019AJUNTAMENT (FASE 3)<\/strong>. Per aquest motiu, mitjan\u00e7ant Resoluci\u00f3 d\u2019Alcaldia n\u00famero&nbsp;2021-588 de data 8 de juliol&nbsp;de 2021, s\u2019ha aprovat la mem\u00f2ria valorada de les obres a realitzar.<\/p>\n\n\n\n<p>Les tasques a realitzar es dividiran en quatre lots diferents:<\/p>\n\n\n\n<p><strong>Lot 1:<\/strong>&nbsp;Execuci\u00f3 de les obres relacionades en ram de paleta de les obres de redistribuci\u00f3 i millora de l\u2019ajuntament de la S\u00e9nia.<\/p>\n\n\n\n<p><strong>Lot 2:<\/strong>&nbsp;Execuci\u00f3 de nova instal\u00b7laci\u00f3 el\u00e8ctrica a l\u2019edifici de l\u2019ajuntament, arranjament de quadre general amb instal\u00b7laci\u00f3 de nova centralitzaci\u00f3 de comptadors i substituci\u00f3 de l\u2019enllumenat interior de l\u2019edifici de l\u2019ajuntament..<\/p>\n\n\n\n<p><strong>Lot 3:<\/strong>&nbsp;Execuci\u00f3 de les obres de canvi de distribuci\u00f3 amb mampares modulars de vidre, a les obres de redistribuci\u00f3 i millora de l\u2019ajuntament de la S\u00e9nia.<\/p>\n\n\n\n<p><strong>Lot 4:<\/strong>&nbsp;Execuci\u00f3 de les obres de substituci\u00f3 de la fusteria exterior d\u2019alumini a les obres de redistribuci\u00f3 i millora de l\u2019ajuntament de la S\u00e9nia.<\/p>\n\n\n\n<p>Les empreses interessades podran presentar oferta per a un o diversos lots, segons les especificacions que apareixen en la mem\u00f2ria valorada i les que constaran en el Plec de Cl\u00e0usules Particulars, que es publicaran en breu en el Perfil del contractant de l\u2019Ajuntament de la S\u00e9nia.<\/p>\n\n\n\n<p>(<a href=\"https:\/\/contractaciopublica.gencat.cat\/ecofin_pscp\/AppJava\/perfil\/lasenia\" target=\"_blank\" rel=\"noreferrer noopener\">https:\/\/contractaciopublica.gencat.cat\/ecofin_pscp\/AppJava\/perfil\/lasenia<\/a>).<\/p>\n\n\n\n<p><a href=\"https:\/\/lasenia.cat\/web\/wp-content\/uploads\/2021\/07Memoria_redistribucio-millora_edifici_ajuntament.pdf\" data-type=\"URL\" data-id=\"https:\/\/lasenia.cat\/web\/wp-content\/uploads\/2021\/07Memoria_redistribucio-millora_edifici_ajuntament.pdf\">Per consultar la mem\u00f2ria valorada podeu anar aqu\u00ed<\/a><\/p>\n","protected":false},"excerpt":{"rendered":"<p>L\u2019ajuntament de la S\u00e9nia t\u00e9 previst publicar en breu l\u2019anunci de licitaci\u00f3 per a la presentaci\u00f3 d\u2019ofertes per a l\u2019execuci\u00f3<\/p>\n","protected":false},"author":1,"featured_media":0,"comment_status":"closed","ping_status":"closed","sticky":false,"template":"","format":"standard","meta":{"colormag_page_container_layout":"default_layout","colormag_page_sidebar_layout":"default_layout","footnotes":""},"categories":[2],"tags":[],"class_list":["post-1358","post","type-post","status-publish","format-standard","hentry","category-ajuntament"],"_links":{"self":[{"href":"https:\/\/lasenia.cat\/web\/wp-json\/wp\/v2\/posts\/1358","targetHints":{"allow":["GET"]}}],"collection":[{"href":"https:\/\/lasenia.cat\/web\/wp-json\/wp\/v2\/posts"}],"about":[{"href":"https:\/\/lasenia.cat\/web\/wp-json\/wp\/v2\/types\/post"}],"author":[{"embeddable":true,"href":"https:\/\/lasenia.cat\/web\/wp-json\/wp\/v2\/users\/1"}],"replies":[{"embeddable":true,"href":"https:\/\/lasenia.cat\/web\/wp-json\/wp\/v2\/comments?post=1358"}],"version-history":[{"count":3,"href":"https:\/\/lasenia.cat\/web\/wp-json\/wp\/v2\/posts\/1358\/revisions"}],"predecessor-version":[{"id":1442,"href":"https:\/\/lasenia.cat\/web\/wp-json\/wp\/v2\/posts\/1358\/revisions\/1442"}],"wp:attachment":[{"href":"https:\/\/lasenia.cat\/web\/wp-json\/wp\/v2\/media?parent=1358"}],"wp:term":[{"taxonomy":"category","embeddable":true,"href":"https:\/\/lasenia.cat\/web\/wp-json\/wp\/v2\/categories?post=1358"},{"taxonomy":"post_tag","embeddable":true,"href":"https:\/\/lasenia.cat\/web\/wp-json\/wp\/v2\/tags?post=1358"}],"curies":[{"name":"wp","href":"https:\/\/api.w.org\/{rel}","templated":true}]}}